{"id":44850,"date":"2022-08-20T10:08:00","date_gmt":"2022-08-20T15:08:00","guid":{"rendered":"http:\/\/www.zonaroja.com.mx\/?p=44850"},"modified":"2022-08-20T07:43:42","modified_gmt":"2022-08-20T12:43:42","slug":"la-onu-pide-esclarecer-asesinato-del-periodista-juan-arjon-lopez","status":"publish","type":"post","link":"https:\/\/zonaroja.com.mx\/?p=44850","title":{"rendered":"La ONU pide esclarecer asesinato del periodista Juan Arj\u00f3n L\u00f3pez"},"content":{"rendered":"\n<p>Redacci\u00f3n\/Zona Roja Cdmx.<\/p>\n\n\n\n<p>Ciudad de M\u00e9xico, a 20 de agosto de\u00a0 2022.-  La Oficina en M\u00e9xico del Alto Comisionado de las Naciones Unidas para los Derechos Humanos (ONU-DH) conden\u00f3 este viernes el crimen del periodista Juan Arj\u00f3n L\u00f3pez, asesinado en la ciudad de San Luis R\u00edo Colorado, Sonora, y llam\u00f3 a esclarecer el caso.<\/p>\n\n\n\n<p>El martes, el cuerpo de Arj\u00f3n L\u00f3pez, titular del programa \u201cA qu\u00e9 le temes\u201d, fue encontrado sin vida, a una semana de que fuera visto por \u00faltima vez.<\/p>\n\n\n\n<p>Record\u00f3 que el reportero divulgaba, entre otros temas, denuncias ciudadanas de la zona de San Luis R\u00edo Colorado, as\u00ed como reportes de hechos policiacos y, adicionalmente, trabajaba en un restaurante de su localidad.<\/p>\n\n\n\n<p>Asimismo, apunt\u00f3 que, de acuerdo con la Fiscal\u00eda General de Justicia del Estado de Sonora, la causa de muerte de Arj\u00f3n L\u00f3pez indicar\u00eda que podr\u00eda tratarse de un homicidio por traumatismo craneoencef\u00e1lico, adem\u00e1s de presentar otras marcas de golpes violentos en su cuerpo.<\/p>\n\n\n\n<p>El crimen del reportero independiente se apunt\u00f3 como el decimocuarto asesinato que ocurre en M\u00e9xico contra periodistas en lo que va de 2022.<\/p>\n\n\n\n<p>\u201cEl n\u00famero de asesinatos de periodistas que se registra en M\u00e9xico es motivo de preocupaci\u00f3n\u201d, coment\u00f3 Jes\u00fas Pe\u00f1a Palacios, representante adjunto en M\u00e9xico de la ONU-DH.<\/p>\n\n\n\n<p>Pe\u00f1a Palacios refiri\u00f3 que una de las medidas m\u00e1s eficientes contra la reiteraci\u00f3n de los homicidios y agresiones \u201ces la lucha contra la impunidad, es decir, llevar a los autores tanto materiales como intelectuales ante la justicia\u201d, dijo.<\/p>\n\n\n\n<p>Adem\u00e1s, precis\u00f3 que se debe lograr la sanci\u00f3n contra los responsables de estos asesinatos, lo cual es \u201cfundamental\u201d para las familias de las v\u00edctimas y para el conjunto de periodistas y medios de comunicaci\u00f3n.<\/p>\n\n\n\n<p>La ONU-DH, que expres\u00f3 sus condolencias y solidaridad con los familiares del reportero, inst\u00f3 a que no se descarte la labor period\u00edstica de Arj\u00f3n L\u00f3pez como una de las l\u00edneas de la investigaci\u00f3n, \u201crecordando que los antecedentes personales de la v\u00edctima no anulan los riesgos espec\u00edficos que enfrentan las y los periodistas\u201d.<\/p>\n\n\n\n<p>Seg\u00fan cifras de la organizaci\u00f3n Art\u00edculo 19, desde 2000, al menos 154 comunicadores han sido asesinados en M\u00e9xico en posible relaci\u00f3n con su labor period\u00edstica.<\/p>\n\n\n\n<p>Y desde que el presidente Andr\u00e9s Manuel L\u00f3pez Obrador lleg\u00f3 al poder, en diciembre de 2018, se han contabilizado alrededor de dos mil agresiones contra la prensa en el pa\u00eds, incluyendo 39 asesinatos, 14 en lo que va de este a\u00f1o.<\/p>\n\n\n\n<p>(Informaci\u00f3n de la agencia EFE en \u201cEl Sol de M\u00e9xico\u201d)<\/p>\n","protected":false},"excerpt":{"rendered":"<p>Redacci\u00f3n\/Zona Roja Cdmx. Ciudad de M\u00e9xico, a 20 de agosto de\u00a0 2022.- La Oficina en&hellip;<\/p>\n","protected":false},"author":2,"featured_media":44709,"comment_status":"closed","ping_status":"open","sticky":false,"template":"","format":"standard","meta":{"_lmt_disableupdate":"","_lmt_disable":"","_jetpack_memberships_contains_paid_content":false,"footnotes":""},"categories":[109,46],"tags":[3231],"class_list":["post-44850","post","type-post","status-publish","format-standard","has-post-thumbnail","hentry","category-minuto-a-minuto","category-zona-blanca","tag-juan-arjon-lopez-periodista"],"jetpack_featured_media_url":"https:\/\/zonaroja.com.mx\/wp-content\/uploads\/2022\/08\/Periodista-Juan-Arjon-Lopez.jpeg","jetpack_sharing_enabled":true,"_links":{"self":[{"href":"https:\/\/zonaroja.com.mx\/index.php?rest_route=\/wp\/v2\/posts\/44850","targetHints":{"allow":["GET"]}}],"collection":[{"href":"https:\/\/zonaroja.com.mx\/index.php?rest_route=\/wp\/v2\/posts"}],"about":[{"href":"https:\/\/zonaroja.com.mx\/index.php?rest_route=\/wp\/v2\/types\/post"}],"author":[{"embeddable":true,"href":"https:\/\/zonaroja.com.mx\/index.php?rest_route=\/wp\/v2\/users\/2"}],"replies":[{"embeddable":true,"href":"https:\/\/zonaroja.com.mx\/index.php?rest_route=%2Fwp%2Fv2%2Fcomments&post=44850"}],"version-history":[{"count":2,"href":"https:\/\/zonaroja.com.mx\/index.php?rest_route=\/wp\/v2\/posts\/44850\/revisions"}],"predecessor-version":[{"id":44856,"href":"https:\/\/zonaroja.com.mx\/index.php?rest_route=\/wp\/v2\/posts\/44850\/revisions\/44856"}],"wp:featuredmedia":[{"embeddable":true,"href":"https:\/\/zonaroja.com.mx\/index.php?rest_route=\/wp\/v2\/media\/44709"}],"wp:attachment":[{"href":"https:\/\/zonaroja.com.mx\/index.php?rest_route=%2Fwp%2Fv2%2Fmedia&parent=44850"}],"wp:term":[{"taxonomy":"category","embeddable":true,"href":"https:\/\/zonaroja.com.mx\/index.php?rest_route=%2Fwp%2Fv2%2Fcategories&post=44850"},{"taxonomy":"post_tag","embeddable":true,"href":"https:\/\/zonaroja.com.mx\/index.php?rest_route=%2Fwp%2Fv2%2Ftags&post=44850"}],"curies":[{"name":"wp","href":"https:\/\/api.w.org\/{rel}","templated":true}]}}