{"id":44852,"date":"2022-08-20T12:00:00","date_gmt":"2022-08-20T17:00:00","guid":{"rendered":"http:\/\/www.zonaroja.com.mx\/?p=44852"},"modified":"2022-08-20T07:29:28","modified_gmt":"2022-08-20T12:29:28","slug":"el-56-de-mexicanos-ve-militarizacion-si-guardia-nacional-pasa-a-sedena","status":"publish","type":"post","link":"https:\/\/zonaroja.com.mx\/?p=44852","title":{"rendered":"El 56% de mexicanos ve militarizaci\u00f3n si Guardia Nacional pasa a Sedena"},"content":{"rendered":"\n<p>Redacci\u00f3n\/Zona Roja Cdmx.<\/p>\n\n\n\n<p>Ciudad de M\u00e9xico, a 20 de agosto de 2022.- El 56 por ciento de los mexicanos opina que si la Guardia Nacional pasa a depender de la Secretar\u00eda de la Defensa Nacional (Sedena), como propone el Presidente Andr\u00e9s Manuel L\u00f3pez Obrador, s\u00ed se estar\u00eda militarizando la seguridad p\u00fablica en el pa\u00eds, mientras que 34 por ciento opina que no habr\u00eda tal militarizaci\u00f3n.<\/p>\n\n\n\n<p>As\u00ed lo revela la m\u00e1s reciente encuesta nacional de \u201cEl Financiero\u201d, realizada los d\u00edas 12 y 13 de agosto v\u00eda telef\u00f3nica.<\/p>\n\n\n\n<p>Al preguntar si est\u00e1n a favor o en contra de la militarizaci\u00f3n de la seguridad p\u00fablica, las opiniones ciudadanas est\u00e1n divididas: 46 por ciento dijo estar a favor y otro 46 por ciento, en contra.<\/p>\n\n\n\n<p>De acuerdo con el estudio, la mayor\u00eda de los ciudadanos considera que la propuesta de pasar a la Guardia Nacional a la Sedena no debe darse por medio de un decreto presidencial, sino que debe ser sometida a discusi\u00f3n y votaci\u00f3n en el Congreso.<\/p>\n\n\n\n<p>Seg\u00fan el sondeo, una mayor\u00eda de 59 por ciento considera m\u00e1s apropiado que la propuesta se discuta y vote en el Congreso, mientras que 37 por ciento ve bien que la medida se d\u00e9 por medio de un decreto presidencial.<\/p>\n\n\n\n<p>Al preguntar si la Guardia Nacional debe tener un mando civil o un mando militar, la preferencia mayoritaria es por un mando militar, con 53 por ciento, frente a 40 por ciento que prefiere un mando civil.<\/p>\n\n\n\n<p>No obstante, mientras que la preferencia por el mando militar se ha mantenido constante desde junio de 2021, cuando se registr\u00f3 54 por ciento, la preferencia por un mando civil creci\u00f3 seis puntos desde entonces, al pasar de 34 a 40 por ciento.<\/p>\n\n\n\n<p>El sondeo indica que la imagen de la Guardia Nacional ha sido positiva, registrando 61 por ciento de opini\u00f3n favorable en la medici\u00f3n de agosto, y 22 por ciento de opini\u00f3n desfavorable.<\/p>\n\n\n\n<p>Metodolog\u00eda: Encuesta nacional realizada v\u00eda telef\u00f3nica a 500 mexicanos adultos el 12 y 13 de agosto de 2022. Se hizo un muestreo probabil\u00edstico de tel\u00e9fonos residenciales y celulares en las 32 entidades federativas. Con un nivel de confianza de 95%, el margen de error de las estimaciones es de +\/-4.4 por ciento.<\/p>\n\n\n\n<p>Patrocinio y Realizaci\u00f3n: \u201cEl Financiero\u201d<\/p>\n","protected":false},"excerpt":{"rendered":"<p>Redacci\u00f3n\/Zona Roja Cdmx. Ciudad de M\u00e9xico, a 20 de agosto de 2022.- El 56 por&hellip;<\/p>\n","protected":false},"author":2,"featured_media":1949,"comment_status":"closed","ping_status":"open","sticky":false,"template":"","format":"standard","meta":{"_lmt_disableupdate":"","_lmt_disable":"","_jetpack_memberships_contains_paid_content":false,"footnotes":""},"categories":[109,47],"tags":[278],"class_list":["post-44852","post","type-post","status-publish","format-standard","has-post-thumbnail","hentry","category-minuto-a-minuto","category-zona-gris","tag-guardia-nacional"],"jetpack_featured_media_url":"https:\/\/zonaroja.com.mx\/wp-content\/uploads\/2019\/06\/Guardia-Nacional.jpg","jetpack_sharing_enabled":true,"_links":{"self":[{"href":"https:\/\/zonaroja.com.mx\/index.php?rest_route=\/wp\/v2\/posts\/44852","targetHints":{"allow":["GET"]}}],"collection":[{"href":"https:\/\/zonaroja.com.mx\/index.php?rest_route=\/wp\/v2\/posts"}],"about":[{"href":"https:\/\/zonaroja.com.mx\/index.php?rest_route=\/wp\/v2\/types\/post"}],"author":[{"embeddable":true,"href":"https:\/\/zonaroja.com.mx\/index.php?rest_route=\/wp\/v2\/users\/2"}],"replies":[{"embeddable":true,"href":"https:\/\/zonaroja.com.mx\/index.php?rest_route=%2Fwp%2Fv2%2Fcomments&post=44852"}],"version-history":[{"count":1,"href":"https:\/\/zonaroja.com.mx\/index.php?rest_route=\/wp\/v2\/posts\/44852\/revisions"}],"predecessor-version":[{"id":44853,"href":"https:\/\/zonaroja.com.mx\/index.php?rest_route=\/wp\/v2\/posts\/44852\/revisions\/44853"}],"wp:featuredmedia":[{"embeddable":true,"href":"https:\/\/zonaroja.com.mx\/index.php?rest_route=\/wp\/v2\/media\/1949"}],"wp:attachment":[{"href":"https:\/\/zonaroja.com.mx\/index.php?rest_route=%2Fwp%2Fv2%2Fmedia&parent=44852"}],"wp:term":[{"taxonomy":"category","embeddable":true,"href":"https:\/\/zonaroja.com.mx\/index.php?rest_route=%2Fwp%2Fv2%2Fcategories&post=44852"},{"taxonomy":"post_tag","embeddable":true,"href":"https:\/\/zonaroja.com.mx\/index.php?rest_route=%2Fwp%2Fv2%2Ftags&post=44852"}],"curies":[{"name":"wp","href":"https:\/\/api.w.org\/{rel}","templated":true}]}}