{"id":44858,"date":"2022-08-20T13:30:57","date_gmt":"2022-08-20T18:30:57","guid":{"rendered":"https:\/\/www.zonaroja.com.mx\/?p=44858"},"modified":"2022-08-20T13:32:43","modified_gmt":"2022-08-20T18:32:43","slug":"augura-sheinbaum-justicia-social-en-oaxaca-con-4t-reconoce-labor-de-murat-en-alianza-con-amlo","status":"publish","type":"post","link":"https:\/\/zonaroja.com.mx\/?p=44858","title":{"rendered":"Augura Sheinbaum justicia social en Oaxaca con 4T; reconoce labor de Murat en alianza con AMLO"},"content":{"rendered":"\n<p>Yuridiana Sosa\/ Zona Roja.<\/p>\n\n\n\n<p>Oaxaca de Ju\u00e1rez, Oax., 20 de agosto de 2022.- El pr\u00f3ximo sexenio estatal en Oaxaca a cargo de Salom\u00f3n Jara Cruz, de Morena, podr\u00eda resaltar por la aplicaci\u00f3n de justicia social para sus comunidades, se\u00f1al\u00f3 la Jefa de Gobierno de la Ciudad de M\u00e9xico, Claudia Sheinbaum.<\/p>\n\n\n\n<p>En conferencia de prensa desde la ciudad de Oaxaca, previo al \u201cEncuentro Ciencia e Innovaci\u00f3n: Una nueva cultura sobre el agua\u201d que organiz\u00f3 la Universidad Aut\u00f3noma \u201cBenito Ju\u00e1rez\u201d de Oaxaca, la posible aspirante a la Presidencia de la Rep\u00fablica tambi\u00e9n habl\u00f3 sobre esta misma intenci\u00f3n del gobernador de Oaxaca, Alejandro Murat y su desempe\u00f1o actual.<\/p>\n\n\n\n<p>Durante su visita, resalt\u00f3 que Oaxaca ha recibido una justicia social hist\u00f3rica por parte del gobierno federal que encabeza Andr\u00e9s Manuel L\u00f3pez Obrador por medio de la aplicaci\u00f3n de diversos programas a su poblaci\u00f3n y la inversi\u00f3n para desarrollo de importantes proyectos.<\/p>\n\n\n\n<p>Con la llegada de Salom\u00f3n Jara al Poder Ejecutivo en Oaxaca esa justicia social ser\u00e1 mayor, se\u00f1al\u00f3 la Jefa de Gobierno de la Ciudad de M\u00e9xico, quien agreg\u00f3 que si ahora hay apoyos, el futuro ser\u00e1 m\u00e1s promisorio para el estado, por existir un mismo proyecto de naci\u00f3n entre ambos niveles de gobierno.&nbsp;<\/p>\n\n\n\n<p>Respecto al desempe\u00f1o del gobernador saliente Alejandro Murat Hinojosa y sus aspiraciones por la presidencia de M\u00e9xico, Sheinbaum fue breve pero dej\u00f3 claro que no existe revanchismo pol\u00edtico, por el contrario, expres\u00f3 su afecto al gobernante del PRI.<\/p>\n\n\n\n<p>Primero reconoci\u00f3 que gracias a su colaboraci\u00f3n con el Presidente de M\u00e9xico, en Oaxaca se han desarrollado diferentes proyectos importantes, lo que facilita tambi\u00e9n la llegada del mandatario nacional de manera frecuente. <\/p>\n\n\n\n<p>Sobre la intenci\u00f3n de Murat Hinojosa a la candidatura por la Presidencia de M\u00e9xico, con relaci\u00f3n  a que ella tambi\u00e9n podr\u00eda ser candidata, la Jefa de Gobierno sonri\u00f3 y se limit\u00f3 a expresar su afecto. \u201cHay aprecio\u201d, destac\u00f3 la morenista.<\/p>\n\n\n\n<p>Previo a ello el gobernador Alejandro Murat recibi\u00f3 en Palacio de Gobierno a Claudia Sheinbaum y al gobernador electo, Salom\u00f3n Jara, con quienes recorri\u00f3 el espacio. <\/p>\n","protected":false},"excerpt":{"rendered":"<p>Yuridiana Sosa\/ Zona Roja. Oaxaca de Ju\u00e1rez, Oax., 20 de agosto de 2022.- El pr\u00f3ximo&hellip;<\/p>\n","protected":false},"author":2,"featured_media":44857,"comment_status":"closed","ping_status":"open","sticky":false,"template":"","format":"standard","meta":{"_lmt_disableupdate":"","_lmt_disable":"","_jetpack_memberships_contains_paid_content":false,"footnotes":""},"categories":[109,46],"tags":[],"class_list":["post-44858","post","type-post","status-publish","format-standard","has-post-thumbnail","hentry","category-minuto-a-minuto","category-zona-blanca"],"jetpack_featured_media_url":"https:\/\/zonaroja.com.mx\/wp-content\/uploads\/2022\/08\/8db072fa-4f66-4ffd-bef5-20070ceaf8ff.jpg","jetpack_sharing_enabled":true,"_links":{"self":[{"href":"https:\/\/zonaroja.com.mx\/index.php?rest_route=\/wp\/v2\/posts\/44858","targetHints":{"allow":["GET"]}}],"collection":[{"href":"https:\/\/zonaroja.com.mx\/index.php?rest_route=\/wp\/v2\/posts"}],"about":[{"href":"https:\/\/zonaroja.com.mx\/index.php?rest_route=\/wp\/v2\/types\/post"}],"author":[{"embeddable":true,"href":"https:\/\/zonaroja.com.mx\/index.php?rest_route=\/wp\/v2\/users\/2"}],"replies":[{"embeddable":true,"href":"https:\/\/zonaroja.com.mx\/index.php?rest_route=%2Fwp%2Fv2%2Fcomments&post=44858"}],"version-history":[{"count":1,"href":"https:\/\/zonaroja.com.mx\/index.php?rest_route=\/wp\/v2\/posts\/44858\/revisions"}],"predecessor-version":[{"id":44859,"href":"https:\/\/zonaroja.com.mx\/index.php?rest_route=\/wp\/v2\/posts\/44858\/revisions\/44859"}],"wp:featuredmedia":[{"embeddable":true,"href":"https:\/\/zonaroja.com.mx\/index.php?rest_route=\/wp\/v2\/media\/44857"}],"wp:attachment":[{"href":"https:\/\/zonaroja.com.mx\/index.php?rest_route=%2Fwp%2Fv2%2Fmedia&parent=44858"}],"wp:term":[{"taxonomy":"category","embeddable":true,"href":"https:\/\/zonaroja.com.mx\/index.php?rest_route=%2Fwp%2Fv2%2Fcategories&post=44858"},{"taxonomy":"post_tag","embeddable":true,"href":"https:\/\/zonaroja.com.mx\/index.php?rest_route=%2Fwp%2Fv2%2Ftags&post=44858"}],"curies":[{"name":"wp","href":"https:\/\/api.w.org\/{rel}","templated":true}]}}