{"id":44871,"date":"2022-08-20T20:34:01","date_gmt":"2022-08-21T01:34:01","guid":{"rendered":"http:\/\/www.zonaroja.com.mx\/?p=44871"},"modified":"2022-08-20T20:34:02","modified_gmt":"2022-08-21T01:34:02","slug":"incensante-violencia-en-matias-romero-hoy-un-ejecutado-y-un-herido-de-bala","status":"publish","type":"post","link":"https:\/\/zonaroja.com.mx\/?p=44871","title":{"rendered":"Incensante violencia en Mat\u00edas Romero; hoy un ejecutado y un herido de bala"},"content":{"rendered":"\n<p>Redacci\u00f3n\/Zona Roja.<\/p>\n\n\n\n<p>Oaxaca de Ju\u00e1rez, Oax., a 20 de julio de 2022.- Adem\u00e1s de las protestas sociales, la ola de violencia se incrementa en Mat\u00edas Romero Avenda\u00f1o, municipio de la zona norte del Istmo de Tehuantepec.<\/p>\n\n\n\n<p>La tarde de este s\u00e1bado, en la carretera vieja a la comunidad de El Polvor\u00edn, fue ejecutado a balazos un individuo, hasta ahora no identificado, y uno m\u00e1s result\u00f3 lesionado de bala; este \u00faltimo se identific\u00f3 con las autoridades como Enrique S. R., de 25 a\u00f1os de edad y originario de Juchit\u00e1n de Zaragoza.<\/p>\n\n\n\n<p>La v\u00edctima fatal, de apariencia joven, portaba una playera blanca y un pantal\u00f3n de mezclilla; corporaciones policiacas arribaron a la zona del ataque armado pero no hallaron rastros del o de los probables agresores, por lo que \u00fanicamente acordonaron la zona.<\/p>\n\n\n\n<p>Por otra parte, autoridades ministeriales confirmaron el asesinato a balazos de dos personas, en el municipio de Teotitl\u00e1n de Flores Mag\u00f3n, en la regi\u00f3n Ca\u00f1ada del estado de Oaxaca.<\/p>\n\n\n\n<p>Los cuerpos fueron encontrados la madrugada del pasado jueves en la calle Cuauht\u00e9moc de la cabecera municipal, pero aun no se han dado a conocer los nombres de las v\u00edctimas.<\/p>\n\n\n\n<p>Mientras que ayer por la tarde ocurri\u00f3 una agresi\u00f3n armada en la localidad de \u00c1lvaro Obreg\u00f3n, agencia de Juchit\u00e1n de Zaragoza, donde result\u00f3 lesionada una persona del sexo masculino, que fue atendida por el personal del Heroico Cuerpo de Bomberos y trasladada a una cl\u00ednica particular.<\/p>\n","protected":false},"excerpt":{"rendered":"<p>Redacci\u00f3n\/Zona Roja. Oaxaca de Ju\u00e1rez, Oax., a 20 de julio de 2022.- Adem\u00e1s de las&hellip;<\/p>\n","protected":false},"author":2,"featured_media":40047,"comment_status":"closed","ping_status":"open","sticky":false,"template":"","format":"standard","meta":{"_lmt_disableupdate":"","_lmt_disable":"","_jetpack_memberships_contains_paid_content":false,"footnotes":""},"categories":[109,51],"tags":[228],"class_list":["post-44871","post","type-post","status-publish","format-standard","has-post-thumbnail","hentry","category-minuto-a-minuto","category-zona-roja","tag-matias-romero-avendano"],"jetpack_featured_media_url":"https:\/\/zonaroja.com.mx\/wp-content\/uploads\/2022\/04\/Asesinato-crimen-violencia-escena-patrulla.jpg","jetpack_sharing_enabled":true,"_links":{"self":[{"href":"https:\/\/zonaroja.com.mx\/index.php?rest_route=\/wp\/v2\/posts\/44871","targetHints":{"allow":["GET"]}}],"collection":[{"href":"https:\/\/zonaroja.com.mx\/index.php?rest_route=\/wp\/v2\/posts"}],"about":[{"href":"https:\/\/zonaroja.com.mx\/index.php?rest_route=\/wp\/v2\/types\/post"}],"author":[{"embeddable":true,"href":"https:\/\/zonaroja.com.mx\/index.php?rest_route=\/wp\/v2\/users\/2"}],"replies":[{"embeddable":true,"href":"https:\/\/zonaroja.com.mx\/index.php?rest_route=%2Fwp%2Fv2%2Fcomments&post=44871"}],"version-history":[{"count":1,"href":"https:\/\/zonaroja.com.mx\/index.php?rest_route=\/wp\/v2\/posts\/44871\/revisions"}],"predecessor-version":[{"id":44872,"href":"https:\/\/zonaroja.com.mx\/index.php?rest_route=\/wp\/v2\/posts\/44871\/revisions\/44872"}],"wp:featuredmedia":[{"embeddable":true,"href":"https:\/\/zonaroja.com.mx\/index.php?rest_route=\/wp\/v2\/media\/40047"}],"wp:attachment":[{"href":"https:\/\/zonaroja.com.mx\/index.php?rest_route=%2Fwp%2Fv2%2Fmedia&parent=44871"}],"wp:term":[{"taxonomy":"category","embeddable":true,"href":"https:\/\/zonaroja.com.mx\/index.php?rest_route=%2Fwp%2Fv2%2Fcategories&post=44871"},{"taxonomy":"post_tag","embeddable":true,"href":"https:\/\/zonaroja.com.mx\/index.php?rest_route=%2Fwp%2Fv2%2Ftags&post=44871"}],"curies":[{"name":"wp","href":"https:\/\/api.w.org\/{rel}","templated":true}]}}