{"id":44873,"date":"2022-08-21T09:11:00","date_gmt":"2022-08-21T14:11:00","guid":{"rendered":"http:\/\/www.zonaroja.com.mx\/?p=44873"},"modified":"2022-08-21T06:39:52","modified_gmt":"2022-08-21T11:39:52","slug":"el-jefe-policiaco-de-sheinbaumm-podria-ser-imputado-por-caso-ayotzinapa","status":"publish","type":"post","link":"https:\/\/zonaroja.com.mx\/?p=44873","title":{"rendered":"El jefe policiaco de Sheinbaumm podr\u00eda ser imputado por caso Ayotzinapa"},"content":{"rendered":"\n<p>Redacci\u00f3n\/Zona Roja Cdmx.<\/p>\n\n\n\n<p>Ciudad de M\u00e9xico, a 21 de agosto de 2022.- El secretario de Seguridad Ciudadana de la Ciudad de M\u00e9xico, Omar Garc\u00eda Harfuch, ayud\u00f3 a fraguar la \u2018Verdad Hist\u00f3rica\u2019, seg\u00fan sostuvo la Fiscal\u00eda General de la Rep\u00fablica (FGR).<\/p>\n\n\n\n<p>Organizados por el exprocurador general de la Rep\u00fablica, Jes\u00fas Murillo Karam, un conclave de funcionarios de alto nivel, entre los que se encontraba Garc\u00eda Harfuch, habr\u00eda creado la \u2018Verdad Hist\u00f3rica\u2019 para dar una respuesta a la poblaci\u00f3n sobre lo que sucedi\u00f3 con los 43 estudiantes desaparecidos de Ayotzinapa.<\/p>\n\n\n\n<p>Durante la imputaci\u00f3n del delito de tortura durante la audiencia de Murillo Karam, la FGR asegur\u00f3 que Garc\u00eda Harfuch, quien en ese momento era coordinador Estatal de la polic\u00eda Federal en Guerrero, se reuni\u00f3 con Tomas Zer\u00f3n de Lucio, entonces director de la Agencia de Investigaci\u00f3n Criminal, y el exprocurador.<\/p>\n\n\n\n<p>En 2016, Harfuch fue designado como titular de la Agencia de Investigaci\u00f3n Criminal de la PGR.<\/p>\n\n\n\n<p>NIEGA HECHOS<\/p>\n\n\n\n<p>Sin embargo, el funcionario ha reiterado que cuando sucedi\u00f3 la desaparici\u00f3n de los 43 normalistas de Ayotzinapa, \u00e9l se encontraba destacamentado en Michoac\u00e1n, como parte de la Polic\u00eda Federal y neg\u00f3 que hubiera sido mando en Guerrero.<\/p>\n\n\n\n<p>Incluso, en una entrevista dijo: \u201cEs importante precisar que cuando suceden esos hechos, es importante decir donde estaba yo. Yo estaba en Michoac\u00e1n, exactamente en Buenavista, Tomatl\u00e1n y en Nueva Italia, Michoac\u00e1n. Yo no estaba en Guerrero, si hubiera estado en Guerrero, por supuesto salir a asumir y dices \u2018mes hago responsable de la Polic\u00eda Federal\u2019\u201d, dijo.<\/p>\n\n\n\n<p>Este s\u00e1bado 20 de agosto, la Fiscal\u00eda General de la Rep\u00fablica (FGR) acus\u00f3 al exprocurador general, Jes\u00fas Murillo Karam, de presentar pruebas falsas para construir la llamada \u2018Verdad Hist\u00f3rica\u2019 sobre la desaparici\u00f3n de los 43 normalistas de Ayotzinapa.<\/p>\n\n\n\n<p>En la audiencia celebrada en el Reclusorio Norte, Murillo Karam est\u00e1 siendo acusado de haber cometido actos de tortura contra seis personas relacionadas con el caso, actos que se utilizaron para construir la versi\u00f3n defendida por la extinta Procuradur\u00eda General de Justicia.<\/p>\n\n\n\n<p>A PRISI\u00d3N<\/p>\n\n\n\n<p>El juez de control Marco Antonio Fuerte le dict\u00f3 prisi\u00f3n preventiva justificada en el Reclusorio Norte al exprocurador general de la Rep\u00fablica, Jes\u00fas Murillo Karam.<\/p>\n\n\n\n<p>La Fiscal\u00eda General de la Rep\u00fablica (FGR) pidi\u00f3 esta medida asegurando que exist\u00eda un alto riesgo de que Murillo Karam se fugara en caso de continuar su proceso en libertad.<\/p>\n\n\n\n<p>Este mi\u00e9rcoles, a las 8 de la ma\u00f1ana, se llevar\u00e1 a cabo una segunda audiencia para poder definir la situaci\u00f3n legal del exprocurador.<\/p>\n\n\n\n<p>La ma\u00f1ana de este d\u00eda, la&nbsp;Fiscal\u00eda General de la Rep\u00fablica&nbsp;acus\u00f3 al exprocurador general, Jes\u00fas Murillo Karam, de presentar pruebas falsas para construir&nbsp;la llamada \u2018Verdad Hist\u00f3rica\u2019 sobre la desaparici\u00f3n de los 43 normalistas de Ayotzinapa.<\/p>\n\n\n\n<p>En la audiencia celebrada en el&nbsp;Reclusorio Norte, Murillo Karam fue acusado de haber cometido actos de tortura contra seis personas relacionadas con el caso, actos que se utilizaron para construir la versi\u00f3n defendida por la extinta Procuradur\u00eda General de Justicia.<\/p>\n\n\n\n<p>Este es el primer delito (tortura) que se le busca imputar al exprocurador. La Fiscal\u00eda tambi\u00e9n busca imputar al exfuncionario federal por los delitos de&nbsp;desaparici\u00f3n forzada y obstrucci\u00f3n de la justicia.<\/p>\n\n\n\n<p>(Informaci\u00f3n de \u201cEl Financiero\u201d)<\/p>\n","protected":false},"excerpt":{"rendered":"<p>Redacci\u00f3n\/Zona Roja Cdmx. Ciudad de M\u00e9xico, a 21 de agosto de 2022.- El secretario de&hellip;<\/p>\n","protected":false},"author":2,"featured_media":44875,"comment_status":"closed","ping_status":"open","sticky":false,"template":"","format":"standard","meta":{"_lmt_disableupdate":"","_lmt_disable":"","_jetpack_memberships_contains_paid_content":false,"footnotes":""},"categories":[109,47],"tags":[3232,1791],"class_list":["post-44873","post","type-post","status-publish","format-standard","has-post-thumbnail","hentry","category-minuto-a-minuto","category-zona-gris","tag-jesus-murillo-karam","tag-omar-garcia-harfuch"],"jetpack_featured_media_url":"https:\/\/zonaroja.com.mx\/wp-content\/uploads\/2022\/08\/Murillo-Karam-y-Garcia-Harfuch-1.webp","jetpack_sharing_enabled":true,"_links":{"self":[{"href":"https:\/\/zonaroja.com.mx\/index.php?rest_route=\/wp\/v2\/posts\/44873","targetHints":{"allow":["GET"]}}],"collection":[{"href":"https:\/\/zonaroja.com.mx\/index.php?rest_route=\/wp\/v2\/posts"}],"about":[{"href":"https:\/\/zonaroja.com.mx\/index.php?rest_route=\/wp\/v2\/types\/post"}],"author":[{"embeddable":true,"href":"https:\/\/zonaroja.com.mx\/index.php?rest_route=\/wp\/v2\/users\/2"}],"replies":[{"embeddable":true,"href":"https:\/\/zonaroja.com.mx\/index.php?rest_route=%2Fwp%2Fv2%2Fcomments&post=44873"}],"version-history":[{"count":1,"href":"https:\/\/zonaroja.com.mx\/index.php?rest_route=\/wp\/v2\/posts\/44873\/revisions"}],"predecessor-version":[{"id":44876,"href":"https:\/\/zonaroja.com.mx\/index.php?rest_route=\/wp\/v2\/posts\/44873\/revisions\/44876"}],"wp:featuredmedia":[{"embeddable":true,"href":"https:\/\/zonaroja.com.mx\/index.php?rest_route=\/wp\/v2\/media\/44875"}],"wp:attachment":[{"href":"https:\/\/zonaroja.com.mx\/index.php?rest_route=%2Fwp%2Fv2%2Fmedia&parent=44873"}],"wp:term":[{"taxonomy":"category","embeddable":true,"href":"https:\/\/zonaroja.com.mx\/index.php?rest_route=%2Fwp%2Fv2%2Fcategories&post=44873"},{"taxonomy":"post_tag","embeddable":true,"href":"https:\/\/zonaroja.com.mx\/index.php?rest_route=%2Fwp%2Fv2%2Ftags&post=44873"}],"curies":[{"name":"wp","href":"https:\/\/api.w.org\/{rel}","templated":true}]}}