{"id":44880,"date":"2022-08-21T07:01:49","date_gmt":"2022-08-21T12:01:49","guid":{"rendered":"http:\/\/www.zonaroja.com.mx\/?p=44880"},"modified":"2022-08-21T07:01:50","modified_gmt":"2022-08-21T12:01:50","slug":"detienen-a-sujeto-que-habria-robado-en-domicilio-de-artista-plastico","status":"publish","type":"post","link":"https:\/\/zonaroja.com.mx\/?p=44880","title":{"rendered":"Detienen a sujeto que habr\u00eda robado en domicilio de artista pl\u00e1stico"},"content":{"rendered":"\n<p>Redacci\u00f3n\/Zona Roja.<\/p>\n\n\n\n<p>Oaxaca de Ju\u00e1rez, Oax., a 21 de agosto de 2022.- La Polic\u00eda Estatal de Oaxaca detuvo a Fredy N. durante un operativo de seguridad que se llev\u00f3 a cabo en el per\u00edmetro de la Central de Abasto de la ciudad de Oaxaca.&nbsp;<\/p>\n\n\n\n<p>Al imputado se le adjudican varios delitos, entre los que destacan robos a casa habitaci\u00f3n, tr\u00e1fico de sustancias il\u00edcitas, robo de luminarias, c\u00e1maras de video y l\u00e1mparas.&nbsp;<\/p>\n\n\n\n<p>Tambi\u00e9n, por sus caracter\u00edsticas f\u00edsicas, se le relaciona como el autor intelectual del robo en domicilio de un reconocido artista pl\u00e1stico en la colonia Reforma, en la capital, de donde sustrajo diversos art\u00edculos.<\/p>\n\n\n\n<p>Junto con el detenido fueron asegurados grapas de marihuana, las cuales expend\u00eda a sus consumidores.&nbsp;<\/p>\n\n\n\n<p>El sujeto fue puesto a disposici\u00f3n de las autoridades correspondientes para los fines legales que corresponda.<\/p>\n","protected":false},"excerpt":{"rendered":"<p>Redacci\u00f3n\/Zona Roja. Oaxaca de Ju\u00e1rez, Oax., a 21 de agosto de 2022.- La Polic\u00eda Estatal&hellip;<\/p>\n","protected":false},"author":2,"featured_media":44881,"comment_status":"closed","ping_status":"open","sticky":false,"template":"","format":"standard","meta":{"_lmt_disableupdate":"","_lmt_disable":"","_jetpack_memberships_contains_paid_content":false,"footnotes":""},"categories":[109,46],"tags":[1421],"class_list":["post-44880","post","type-post","status-publish","format-standard","has-post-thumbnail","hentry","category-minuto-a-minuto","category-zona-blanca","tag-secretaria-de-seguridad-publica-de-oaxaca-sspo"],"jetpack_featured_media_url":"https:\/\/zonaroja.com.mx\/wp-content\/uploads\/2022\/08\/Detenido-presunto-ladron.jpg","jetpack_sharing_enabled":true,"_links":{"self":[{"href":"https:\/\/zonaroja.com.mx\/index.php?rest_route=\/wp\/v2\/posts\/44880","targetHints":{"allow":["GET"]}}],"collection":[{"href":"https:\/\/zonaroja.com.mx\/index.php?rest_route=\/wp\/v2\/posts"}],"about":[{"href":"https:\/\/zonaroja.com.mx\/index.php?rest_route=\/wp\/v2\/types\/post"}],"author":[{"embeddable":true,"href":"https:\/\/zonaroja.com.mx\/index.php?rest_route=\/wp\/v2\/users\/2"}],"replies":[{"embeddable":true,"href":"https:\/\/zonaroja.com.mx\/index.php?rest_route=%2Fwp%2Fv2%2Fcomments&post=44880"}],"version-history":[{"count":1,"href":"https:\/\/zonaroja.com.mx\/index.php?rest_route=\/wp\/v2\/posts\/44880\/revisions"}],"predecessor-version":[{"id":44882,"href":"https:\/\/zonaroja.com.mx\/index.php?rest_route=\/wp\/v2\/posts\/44880\/revisions\/44882"}],"wp:featuredmedia":[{"embeddable":true,"href":"https:\/\/zonaroja.com.mx\/index.php?rest_route=\/wp\/v2\/media\/44881"}],"wp:attachment":[{"href":"https:\/\/zonaroja.com.mx\/index.php?rest_route=%2Fwp%2Fv2%2Fmedia&parent=44880"}],"wp:term":[{"taxonomy":"category","embeddable":true,"href":"https:\/\/zonaroja.com.mx\/index.php?rest_route=%2Fwp%2Fv2%2Fcategories&post=44880"},{"taxonomy":"post_tag","embeddable":true,"href":"https:\/\/zonaroja.com.mx\/index.php?rest_route=%2Fwp%2Fv2%2Ftags&post=44880"}],"curies":[{"name":"wp","href":"https:\/\/api.w.org\/{rel}","templated":true}]}}