{"id":4489,"date":"2019-10-02T09:42:04","date_gmt":"2019-10-02T14:42:04","guid":{"rendered":"http:\/\/www.zonaroja.com.mx\/?p=4489"},"modified":"2019-10-02T09:42:06","modified_gmt":"2019-10-02T14:42:06","slug":"piden-intervencion-de-lopez-obrador-en-tema-del-aborto-en-oaxaca","status":"publish","type":"post","link":"https:\/\/zonaroja.com.mx\/?p=4489","title":{"rendered":"Piden intervenci\u00f3n de L\u00f3pez Obrador en tema del aborto en Oaxaca"},"content":{"rendered":"\n<p>Redacci\u00f3n\/Zona\nRoja.<\/p>\n\n\n\n<p>Oaxaca de\nJu\u00e1rez, Oax., 2 de octubre de 2019.- La sociedad oaxaque\u00f1a organizada hizo llegar\nal Presidente de M\u00e9xico, Andr\u00e9s Manuel L\u00f3pez Obrador, su petici\u00f3n de ser\nescuchados por los legisladores de Morena en el estado de Oaxaca, por el tema\ndel aborto.<\/p>\n\n\n\n<p>Empresarios,\ncomerciantes, abogados, maestros, asociaciones civiles, religiosas y ciudadan\u00eda\nen general firmaron un documento que fue entregado este martes al mandatario, a\nsu llegada al aeropuerto de Puerto Escondido.<\/p>\n\n\n\n<p>En \u00e9l\nsolicitan su intervenci\u00f3n en el tema del aborto. Piden la realizaci\u00f3n de foros\ninformativos, as\u00ed como mecanismos de consulta ciudadana para conocer el\nverdadero sentir del pueblo de Oaxaca.<\/p>\n\n\n\n<p>\u201cConocemos\nsu trayectoria y sabedores de su compromiso con el pueblo, solicitamos su\natenci\u00f3n en este tema y su respaldo para ser escuchados\u201d, se lee en el\ndocumento.<\/p>\n\n\n\n<p>Apelan a la\ncartilla moral, escrita por Alfonso Reyes y repartida por el Presidente en la\nque claramente se lee: <\/p>\n\n\n\n<p>\u201cCuando el\ngobierno (que no es lo mismo que la ley) comienza a contravenir las leyes o\ndeso\u00edr los anhelos que el pueblo expresa, sobrevienen las revoluciones\u201d. Lo\nhacen con el af\u00e1n de darle a conocer la actitud inconstitucional con la que se\naprobaron las reformas al C\u00f3digo Penal en la entidad.<\/p>\n\n\n\n<p>Y recalcan\nque a\u00fan cuando el 72.8% de la poblaci\u00f3n oaxaque\u00f1a est\u00e1 en contra de las\nmodificaciones que atentan contra la vida, sus opiniones no han sido tomadas en\ncuenta.<\/p>\n\n\n\n<p>Le recuerdan\nque en las elecciones de 2018 confiaron en un proyecto de naci\u00f3n que defend\u00eda\nlos valores familiares y sobre todo, en un partido que hizo su bandera la\nparticipaci\u00f3n de todos los mexicanos en la vida democr\u00e1tica del pa\u00eds.<\/p>\n\n\n\n<p>Informaron\ntambi\u00e9n que todas y cada una de las medidas de protesta y manifestaci\u00f3n tomadas\nhasta el momento, por parte de los defensores de la vida en Oaxaca, ha sido\npac\u00edfica y por las v\u00edas legales.<\/p>\n\n\n\n<p>Finalmente\nreiteraron que su intenci\u00f3n de dar a conocer los argumentos que dan sustento a\nsu postura, desde un punto de vista cient\u00edfico, jur\u00eddico, psicol\u00f3gico, social y\necon\u00f3mico, est\u00e1 evidenciada en cada uno de los oficios que han entregado a los\ndiputados del Congreso local (en especial a las impulsoras de esta iniciativa:\nLaura Estrada Mauro, Delfina Elizabeth Guzm\u00e1n y Elisa Zepeda Lagunas), desde\nmediados de septiembre.<\/p>\n","protected":false},"excerpt":{"rendered":"<p>Redacci\u00f3n\/Zona Roja. Oaxaca de Ju\u00e1rez, Oax., 2 de octubre de 2019.- La sociedad oaxaque\u00f1a organizada&hellip;<\/p>\n","protected":false},"author":2,"featured_media":3654,"comment_status":"closed","ping_status":"open","sticky":false,"template":"","format":"standard","meta":{"_lmt_disableupdate":"","_lmt_disable":"","_jetpack_memberships_contains_paid_content":false,"footnotes":""},"categories":[109,47],"tags":[143],"class_list":["post-4489","post","type-post","status-publish","format-standard","has-post-thumbnail","hentry","category-minuto-a-minuto","category-zona-gris","tag-andres-manuel-lopez-obrador"],"jetpack_featured_media_url":"https:\/\/zonaroja.com.mx\/wp-content\/uploads\/2019\/09\/antiaborto.jpeg","jetpack_sharing_enabled":true,"_links":{"self":[{"href":"https:\/\/zonaroja.com.mx\/index.php?rest_route=\/wp\/v2\/posts\/4489","targetHints":{"allow":["GET"]}}],"collection":[{"href":"https:\/\/zonaroja.com.mx\/index.php?rest_route=\/wp\/v2\/posts"}],"about":[{"href":"https:\/\/zonaroja.com.mx\/index.php?rest_route=\/wp\/v2\/types\/post"}],"author":[{"embeddable":true,"href":"https:\/\/zonaroja.com.mx\/index.php?rest_route=\/wp\/v2\/users\/2"}],"replies":[{"embeddable":true,"href":"https:\/\/zonaroja.com.mx\/index.php?rest_route=%2Fwp%2Fv2%2Fcomments&post=4489"}],"version-history":[{"count":1,"href":"https:\/\/zonaroja.com.mx\/index.php?rest_route=\/wp\/v2\/posts\/4489\/revisions"}],"predecessor-version":[{"id":4490,"href":"https:\/\/zonaroja.com.mx\/index.php?rest_route=\/wp\/v2\/posts\/4489\/revisions\/4490"}],"wp:featuredmedia":[{"embeddable":true,"href":"https:\/\/zonaroja.com.mx\/index.php?rest_route=\/wp\/v2\/media\/3654"}],"wp:attachment":[{"href":"https:\/\/zonaroja.com.mx\/index.php?rest_route=%2Fwp%2Fv2%2Fmedia&parent=4489"}],"wp:term":[{"taxonomy":"category","embeddable":true,"href":"https:\/\/zonaroja.com.mx\/index.php?rest_route=%2Fwp%2Fv2%2Fcategories&post=4489"},{"taxonomy":"post_tag","embeddable":true,"href":"https:\/\/zonaroja.com.mx\/index.php?rest_route=%2Fwp%2Fv2%2Ftags&post=4489"}],"curies":[{"name":"wp","href":"https:\/\/api.w.org\/{rel}","templated":true}]}}