{"id":44893,"date":"2022-08-21T13:23:21","date_gmt":"2022-08-21T18:23:21","guid":{"rendered":"http:\/\/www.zonaroja.com.mx\/?p=44893"},"modified":"2022-08-21T13:23:23","modified_gmt":"2022-08-21T18:23:23","slug":"policias-de-salina-cruz-mataron-a-mi-hija-dice-padre-de-abigail","status":"publish","type":"post","link":"https:\/\/zonaroja.com.mx\/?p=44893","title":{"rendered":"\u201cPolic\u00edas de Salina Cruz mataron a mi hija\u201d, dice padre de Abigail"},"content":{"rendered":"\n<p>Ismael Garc\u00eda M.\/Zona Roja. Foto: Juan Pablo Pablo<\/p>\n\n\n\n<p>Oaxaca de Ju\u00e1rez, Oax., \u201c\u00a1Asesinos!, \u00a1asesinos! \u00a1asesinos! \u00a1Que renuncien los funcionarios! \u00a1Que renuncie el presidente municipal\u201d.<\/p>\n\n\n\n<p>Con esas consignas, familiares y amigos de Abigail H. U., demandaron justicia y castigo a los responsables de la muerte de la joven madre, que ingres\u00f3 a los separos municipales la noche del viernes, por una falta administrativa, y horas despu\u00e9s apareci\u00f3 muerta, supuestamente se quit\u00f3 la vida.<\/p>\n\n\n\n<p>Este domingo por las calles de ese municipio de la regi\u00f3n del Istmo de Tehuantepec se efectu\u00f3 una marcha, tambi\u00e9n con las consignas \u201c\u00a1justicia!, \u00a1justicia\u201d, \u00a1justicia!, \u00a1justicia\u201d.<\/p>\n\n\n\n<p>El padre de la joven, difundi\u00f3 ayer en la red social Facebook: \u201cYo, Jos\u00e9 Luis Hay y Hay, padre de Abigail Hay Urrutia, s\u00f3lo quiero justicia, porque los polic\u00edas de Salina Cruz mataron a golpes a mi hija y despu\u00e9s la ahorcaron.<\/p>\n\n\n\n<p>\u201cPero ya estaba muerta, a m\u00ed me quisieron hacer creer que se ahorc\u00f3 con sus calzones pero no lo cre\u00ed; por un momento entr\u00e9 en shock, pero cuando reaccion\u00e9 me di cuenta que me mintieron.<\/p>\n\n\n\n<p>\u201cQuieren hacerme que me enfrente a la pareja de mi hija para echarle la culpa y que la polic\u00eda se desligue de su culpabilidad, pero no, los polic\u00edas la asesinaron\u201d.<\/p>\n\n\n\n<p>La misma versi\u00f3n sostuvieron los manifestantes este mediod\u00eda, que demandaron tambi\u00e9n la renuncia del presidente municipal Daniel M\u00e9ndez Sosa, surgido del Partido Morena.<\/p>\n\n\n\n<p>\u201c\u00a1\u00danete pueblo, no tengas miedo; hoy nuestra compa\u00f1era fue asesinada, al rato puedes ser t\u00fa, al rato puedo ser yo\u201d!, corearon los inconformes.<\/p>\n\n\n\n<p>En la marcha una patrulla municipal merode\u00f3 la zona, por lo que fue repudiada la presencia policiaca de los uniformados.<\/p>\n\n\n\n<p>La joven de aproximadamente 30 a\u00f1os de edad, fue detenida la tarde-noche del pasado viernes por una falta administrativa, supuestamente una discusi\u00f3n con su pareja, y trasladada a los separos, donde poco despu\u00e9s apareci\u00f3 muerta y seg\u00fan las autoridades municipales, se suicidi\u00f3.<\/p>\n\n\n\n<figure class=\"wp-block-embed is-type-rich is-provider-twitter wp-block-embed-twitter\"><div class=\"wp-block-embed__wrapper\">\n<div class=\"twitter-tweet\"><blockquote class=\"twitter-tweet\" data-lang=\"es\"><p lang=\"es\" dir=\"ltr\"><a href=\"https:\/\/twitter.com\/hashtag\/%C3%9AltimoMinuto?src=hash&amp;ref_src=twsrc%5Etfw\">#\u00daltimoMinuto<\/a> <br>\u00a1Justicia! <br>\u00a1Justicia! <br>\u00a1Justicia! <br>El grito; durante una marcha en Salina Cruz, por la muerte de una joven madre en la c\u00e1rcel municipal, y para exigir destituci\u00f3n de autoridades del ayuntamiento. <br>Video: Centro Informativo <a href=\"https:\/\/twitter.com\/hashtag\/Oaxaca?src=hash&amp;ref_src=twsrc%5Etfw\">#Oaxaca<\/a>. <a href=\"https:\/\/t.co\/U2B27qP2Ox\">pic.twitter.com\/U2B27qP2Ox<\/a><\/p>&mdash; Zona Roja Oaxaca (@ZonaRoja_Oaxaca) <a href=\"https:\/\/twitter.com\/ZonaRoja_Oaxaca\/status\/1561406589055242242?ref_src=twsrc%5Etfw\">21 de agosto de 2022<\/a><\/blockquote><\/div>\n<\/div><\/figure>\n","protected":false},"excerpt":{"rendered":"<p>Ismael Garc\u00eda M.\/Zona Roja. Foto: Juan Pablo Pablo Oaxaca de Ju\u00e1rez, Oax., \u201c\u00a1Asesinos!, \u00a1asesinos! \u00a1asesinos!&hellip;<\/p>\n","protected":false},"author":2,"featured_media":44894,"comment_status":"closed","ping_status":"open","sticky":false,"template":"","format":"standard","meta":{"_lmt_disableupdate":"","_lmt_disable":"","_jetpack_memberships_contains_paid_content":false,"footnotes":""},"categories":[109,47],"tags":[3234,168],"class_list":["post-44893","post","type-post","status-publish","format-standard","has-post-thumbnail","hentry","category-minuto-a-minuto","category-zona-gris","tag-abigail-hay-urrutia","tag-salina-cruz"],"jetpack_featured_media_url":"https:\/\/zonaroja.com.mx\/wp-content\/uploads\/2022\/08\/Marcha-Salina-Cruz-por-Abigail.jpg","jetpack_sharing_enabled":true,"_links":{"self":[{"href":"https:\/\/zonaroja.com.mx\/index.php?rest_route=\/wp\/v2\/posts\/44893","targetHints":{"allow":["GET"]}}],"collection":[{"href":"https:\/\/zonaroja.com.mx\/index.php?rest_route=\/wp\/v2\/posts"}],"about":[{"href":"https:\/\/zonaroja.com.mx\/index.php?rest_route=\/wp\/v2\/types\/post"}],"author":[{"embeddable":true,"href":"https:\/\/zonaroja.com.mx\/index.php?rest_route=\/wp\/v2\/users\/2"}],"replies":[{"embeddable":true,"href":"https:\/\/zonaroja.com.mx\/index.php?rest_route=%2Fwp%2Fv2%2Fcomments&post=44893"}],"version-history":[{"count":1,"href":"https:\/\/zonaroja.com.mx\/index.php?rest_route=\/wp\/v2\/posts\/44893\/revisions"}],"predecessor-version":[{"id":44895,"href":"https:\/\/zonaroja.com.mx\/index.php?rest_route=\/wp\/v2\/posts\/44893\/revisions\/44895"}],"wp:featuredmedia":[{"embeddable":true,"href":"https:\/\/zonaroja.com.mx\/index.php?rest_route=\/wp\/v2\/media\/44894"}],"wp:attachment":[{"href":"https:\/\/zonaroja.com.mx\/index.php?rest_route=%2Fwp%2Fv2%2Fmedia&parent=44893"}],"wp:term":[{"taxonomy":"category","embeddable":true,"href":"https:\/\/zonaroja.com.mx\/index.php?rest_route=%2Fwp%2Fv2%2Fcategories&post=44893"},{"taxonomy":"post_tag","embeddable":true,"href":"https:\/\/zonaroja.com.mx\/index.php?rest_route=%2Fwp%2Fv2%2Ftags&post=44893"}],"curies":[{"name":"wp","href":"https:\/\/api.w.org\/{rel}","templated":true}]}}