{"id":44905,"date":"2022-08-22T06:38:18","date_gmt":"2022-08-22T11:38:18","guid":{"rendered":"http:\/\/www.zonaroja.com.mx\/?p=44905"},"modified":"2022-08-22T06:38:19","modified_gmt":"2022-08-22T11:38:19","slug":"covid-latente-en-oaxaca-237-contagios-diarios-en-la-ultima-semana","status":"publish","type":"post","link":"https:\/\/zonaroja.com.mx\/?p=44905","title":{"rendered":"Covid latente en Oaxaca: 237 contagios diarios en la \u00faltima semana"},"content":{"rendered":"\n<p>Redacci\u00f3n\/Zona Roja.&nbsp;<\/p>\n\n\n\n<p>Oaxaca de Ju\u00e1rez, Oax., a 22 de agosto de 2022.- Al presentar el resumen semanal de la situaci\u00f3n epidemiol\u00f3gica de la pandemia por Covid-19 en la entidad, la dependencia Servicios de Salud de Oaxaca (SSO) precis\u00f3 que durante el per\u00edodo comprendido del 14 al 20 de agosto, se registr\u00f3 un acumulado 146 mil 211 casos confirmados del virus SARS-CoV-2.<\/p>\n\n\n\n<p>Inform\u00f3 que, del total de positivos, mil 665 se contabilizaron en estos \u00faltimos siete d\u00edas, as\u00ed como nueve lamentables decesos a causa de esta patolog\u00eda respiratoria, para un total de seis mil 310 defunciones desde el inicio de la pandemia. En tanto, el promedio de ocupaci\u00f3n hospitalaria se ubic\u00f3 en 18.2%.&nbsp;<\/p>\n\n\n\n<p>En este sentido, destac\u00f3 que es de suma importancia continuar aplicando con disciplina y responsabilidad las medidas sanitarias vigentes, como el uso correcto del cubrebocas, el lavado de manos frecuente con agua y jab\u00f3n o con soluciones alcoholadas al 70%, mantener la sana distancia, as\u00ed como priorizar lugares abiertos y con buena ventilaci\u00f3n.<\/p>\n\n\n\n<p>\u201cEstas acciones contin\u00faan siendo la herramienta m\u00e1s fuerte para disminuir los contagios. Tambi\u00e9n es fundamental que las personas se vacunen cuando les corresponda de acuerdo a los grupos de edad; las vacunas disminuyen el riesgo de enfermar gravemente o morir\u201d, se\u00f1al\u00f3 en un comunicado.<\/p>\n","protected":false},"excerpt":{"rendered":"<p>Redacci\u00f3n\/Zona Roja.&nbsp; Oaxaca de Ju\u00e1rez, Oax., a 22 de agosto de 2022.- Al presentar el&hellip;<\/p>\n","protected":false},"author":2,"featured_media":44906,"comment_status":"closed","ping_status":"open","sticky":false,"template":"","format":"standard","meta":{"_lmt_disableupdate":"","_lmt_disable":"","_jetpack_memberships_contains_paid_content":false,"footnotes":""},"categories":[109,47],"tags":[1512],"class_list":["post-44905","post","type-post","status-publish","format-standard","has-post-thumbnail","hentry","category-minuto-a-minuto","category-zona-gris","tag-coronavirus-oaxaca"],"jetpack_featured_media_url":"https:\/\/zonaroja.com.mx\/wp-content\/uploads\/2022\/08\/Gente-ciudad-de-Oaxaca-Covid.jpg","jetpack_sharing_enabled":true,"_links":{"self":[{"href":"https:\/\/zonaroja.com.mx\/index.php?rest_route=\/wp\/v2\/posts\/44905","targetHints":{"allow":["GET"]}}],"collection":[{"href":"https:\/\/zonaroja.com.mx\/index.php?rest_route=\/wp\/v2\/posts"}],"about":[{"href":"https:\/\/zonaroja.com.mx\/index.php?rest_route=\/wp\/v2\/types\/post"}],"author":[{"embeddable":true,"href":"https:\/\/zonaroja.com.mx\/index.php?rest_route=\/wp\/v2\/users\/2"}],"replies":[{"embeddable":true,"href":"https:\/\/zonaroja.com.mx\/index.php?rest_route=%2Fwp%2Fv2%2Fcomments&post=44905"}],"version-history":[{"count":1,"href":"https:\/\/zonaroja.com.mx\/index.php?rest_route=\/wp\/v2\/posts\/44905\/revisions"}],"predecessor-version":[{"id":44907,"href":"https:\/\/zonaroja.com.mx\/index.php?rest_route=\/wp\/v2\/posts\/44905\/revisions\/44907"}],"wp:featuredmedia":[{"embeddable":true,"href":"https:\/\/zonaroja.com.mx\/index.php?rest_route=\/wp\/v2\/media\/44906"}],"wp:attachment":[{"href":"https:\/\/zonaroja.com.mx\/index.php?rest_route=%2Fwp%2Fv2%2Fmedia&parent=44905"}],"wp:term":[{"taxonomy":"category","embeddable":true,"href":"https:\/\/zonaroja.com.mx\/index.php?rest_route=%2Fwp%2Fv2%2Fcategories&post=44905"},{"taxonomy":"post_tag","embeddable":true,"href":"https:\/\/zonaroja.com.mx\/index.php?rest_route=%2Fwp%2Fv2%2Ftags&post=44905"}],"curies":[{"name":"wp","href":"https:\/\/api.w.org\/{rel}","templated":true}]}}