{"id":44908,"date":"2022-08-22T07:54:41","date_gmt":"2022-08-22T12:54:41","guid":{"rendered":"http:\/\/www.zonaroja.com.mx\/?p=44908"},"modified":"2022-08-22T07:54:43","modified_gmt":"2022-08-22T12:54:43","slug":"oaxaca-a-salvo-de-la-ruta-del-narcoterrorismo","status":"publish","type":"post","link":"https:\/\/zonaroja.com.mx\/?p=44908","title":{"rendered":"Oaxaca, \u00bfa salvo de la ruta del \u201cnarcoterrorismo\u201d?"},"content":{"rendered":"\n<p>Ismael Garc\u00eda M.\/Zona Roja.<\/p>\n\n\n\n<p>Oaxaca de Ju\u00e1rez, Oax., a 22 de agosto de 2022.- \u00bfQu\u00e9 tienen en com\u00fan Guanajuato, Jalisco, Baja California, Colima y Veracruz? Que son entidades donde el crimen organizado se ha enraizado.<\/p>\n\n\n\n<p>Pero tambi\u00e9n, durante la semana pasada, fueron escenarios de violencia al extremo por parte de las organizaciones criminales que cada d\u00eda, lamentablemente, consolidan su fuerza en el pa\u00eds.<\/p>\n\n\n\n<p>\u201cNarcoterrorismo\u201d, para unos; \u201cnarcopropaganda\u201d para otros, lo cierto es que M\u00e9xico se torna cada vez m\u00e1s sangriento y lo vimos la semana pasada con incendio de veh\u00edculos particulares, autobuses, tiendas de autoservicio y hasta patrullas, como fue el caso m\u00e1s reciente, en Veracruz.<\/p>\n\n\n\n<p>El Presidente de la Rep\u00fablica s\u00f3lo vio propaganda de sus adversarios pol\u00edticos; los habitantes de las entidades afectadas vivieron el terror; y las escenas se asemejan cada vez m\u00e1s a actos de terrorismo.<\/p>\n\n\n\n<p>\u201cEl armamento que poseen los c\u00e1rteles de narcotr\u00e1fico es suficiente para hablar de terrorismo\u201d, dijo a \u201cEl Financiero\u201d Yuriria Rodr\u00edguez Castro, doctora en ciencias penales y pol\u00edtica criminal y experta en temas de terrorismo.<\/p>\n\n\n\n<p>\u201cLa madre academia aporta tres definiciones de terrorismo. La primera es \u2018dominaci\u00f3n por el terror\u2019; le sigue \u2018sucesi\u00f3n de actos de violencia ejecutados para infundir terror\u2019 y, por \u00faltimo, \u2018actuaci\u00f3n criminal de bandas organizadas, que, reiteradamente y por lo com\u00fan de modo indiscriminado, pretende crear alarma social con fines pol\u00edticos\u2019. Cualquiera de esas definiciones sirve para calificar los hechos de los \u00faltimos d\u00edas\u201d, expuso a su vez el escritor y periodista Humberto Musacchio.<\/p>\n\n\n\n<p>\u00bfQu\u00e9 tan lejos est\u00e1 Oaxaca de vivir esos escenarios que, le guste o no a Andr\u00e9s Manuel L\u00f3pez Obrador, se extiende con rapidez en toda la rep\u00fablica mexicana?<\/p>\n\n\n\n<p>\u00bfY OAXACA?<\/p>\n\n\n\n<p>De acuerdo con cifras oficiales emitidas la semana pasada, la entidad est\u00e1 en el noveno sitio de los estados m\u00e1s seguros en el pa\u00eds, seg\u00fan detall\u00f3 la Secretar\u00eda de Seguridad P\u00fablica, con datos nacionales.<\/p>\n\n\n\n<p>Apenas el pasado domingo, ZONA ROJA present\u00f3 informaci\u00f3n sobre el tema con base en el reporte mensual del Secretariado Ejecutivo del Sistema Nacional del Seguridad P\u00fablica, a partir de datos que env\u00edan las fiscal\u00edas o procuradur\u00edas estatales:<\/p>\n\n\n\n<p>\u201cEn julio, Oaxaca registr\u00f3 89 v\u00edctimas de homicidio doloso, as\u00ed como 65 carpetas de investigaciones abiertas.<\/p>\n\n\n\n<p>\u201cEl informe detall\u00f3 que, en comparaci\u00f3n con el mes de junio de este a\u00f1o, el n\u00famero de v\u00edctimas subi\u00f3 en un 29 por ciento, colocando a la entidad oaxaque\u00f1a en quinto lugar, por debajo de Chiapas, con un 35.5 por ciento; Morelos, 40.8 por ciento; Coahuila, 62.5 por ciento y, en primer lugar, Yucat\u00e1n con el 100 por ciento.<\/p>\n\n\n\n<p>\u201cPero Oaxaca sobresali\u00f3 por el alza del 48.3 por ciento en v\u00edctimas de asesinatos, en comparaci\u00f3n de julio de 2021, ocupando el segundo lugar en M\u00e9xico, solo por debajo de Durango, con un incremento del 57.1 por ciento.<\/p>\n\n\n\n<p>\u201cEn incidencia de delitos, Oaxaca registr\u00f3 tres mil 551 en julio de este a\u00f1o, posicion\u00e1ndose en el sitio 16 de la lista nacional\u201d.<\/p>\n\n\n\n<p>La embajada de Estados Unidos por su parte tiene a Oaxaca en sem\u00e1foro verde para sus turistas, que significa \u201cincrementar su precauci\u00f3n\u201d, en caso de visitar la entidad.<\/p>\n\n\n\n<p>En las \u00faltima semanas, justamente tras las elecciones de gobernador y a medida que se acerca el fin de sexenio, se comenz\u00f3 a incrementar la ejecuci\u00f3n de personas, aunque las zonas siguen focalizadas.&nbsp;<\/p>\n\n\n\n<p>Obvio que corresponde en primera instancia a los municipios efectuar acciones de prevenci\u00f3n y disuasi\u00f3n en materia de seguridad, pero varios no lo hacen. La Costa, por ejemplo, todo mundo est\u00e1 ciego y la droga pasa tranquilamente hacia el centro y norte del pa\u00eds.&nbsp;<\/p>\n\n\n\n<p>Casualidad o no, las fallas se siguen presentando en ayuntamientos gobernados por el Partido Morena.<\/p>\n\n\n\n<p>\u00bfQU\u00c9 HAR\u00c1 JARA?<\/p>\n\n\n\n<p>El resto no es min\u00fasculo para Salom\u00f3n Jara Cruz, pues est\u00e1 en juego la tranquilidad del estado.<\/p>\n\n\n\n<p>Primero porque, aunque no debiera, tendr\u00eda que negociar la distribuci\u00f3n de la plaza Oaxaca con los c\u00e1rteles del narcotr\u00e1fico de manufactura nacional.<\/p>\n\n\n\n<p>Al terminar el sexenio de Alejandro Murat, se concluye la tregua o posible acuerdo, o ambos, con las bandas delictivas que controlan el tr\u00e1fico de estupefacientes, principalmente coca\u00edna que proviene de Sudam\u00e9rica v\u00eda mar\u00edtima.<\/p>\n\n\n\n<p>M\u00faltiples voces -de manera p\u00fablica y privada- han se\u00f1alado que es Jos\u00e9 Manuel Vera Salinas quien manten\u00eda ese tipo de tratos y que ahora ante el inicio del nuevo sexenio, el escenario y los actores cambian.<\/p>\n\n\n\n<p>Esa es una de las muchas razones por las cuales cada fin de sexenio se incrementa el asesinato de personas en zonas con incidencia de drogas.<\/p>\n\n\n\n<p>Pero la primera preocupaci\u00f3n de Jara Cruz deber\u00eda ser la inseguridad que priva en gobiernos emanados de Morena, como Salina Cruz, Tehuantepec, Juchit\u00e1n, Mat\u00edas Romero, los Petapa, Pochutla, Pinotepa Nacional, por poner unos cuantos ejemplos.<\/p>\n\n\n\n<p>El segundo, a qui\u00e9n pondr\u00e1 como titular de la Secretar\u00eda de Seguridad P\u00fablica; hay voces que le insisten en que tendr\u00e1 que ser un mando que le env\u00ede la Federaci\u00f3n, ya sea de la Marina o de la Sedena, aunque probado est\u00e1 que fuere\u00f1os no pueden con el cargo en la entidad.<\/p>\n\n\n\n<p>Por lo pronto, de acuerdo con fuentes internas de ambos lados, quien inici\u00f3 con el proceso de entrega-recepci\u00f3n es Nino Morales, de no tan buenos antecedentes en la regi\u00f3n del Istmo de Tehuantepec.<\/p>\n\n\n\n<p>Pero tambi\u00e9n las fuentes precisan que no ser\u00e1 el dirigente del FUCO -desde ahora con intenso proselitismo en medios, ya sea por las giras con el gobernador electo o por su fundaci\u00f3n- el responsable de la SSPO.<\/p>\n\n\n\n<p>Y en el caso de Jara, ha revelado v\u00eda sus redes sociales en dos ocasiones a qui\u00e9n podr\u00eda perfilar en el cargo y uno de ellos es Jaciel V\u00e1squez Castro, a quien present\u00f3 como \u201cexperto\u201d en seguridad.<\/p>\n\n\n\n<p>Pero de inmediato vinieron los recordatorios a quien fue director de la Agencia Estatal de Investigaciones en el sexenio de Gabino Cu\u00e9, donde se asegura que tiene una carpeta de investigaci\u00f3n abierta, y luego a su paso por Puebla, donde se le se\u00f1ala de formar parte de \u201cEl c\u00e1rtel de los Oaxacos\u201d, sin precisar si se refieren al tema del narcotr\u00e1fico.<\/p>\n\n\n\n<p>Jara dio a conocer tambi\u00e9n una reuni\u00f3n con Karina Bar\u00f3n e Hilda Yaneli Cedillo, con quienes habl\u00f3 \u201csobre los retos en materia de seguridad\u201d; la primera, por supuesto, con un gris desempe\u00f1o en la coordinaci\u00f3n territorial para la paz en Oaxaca.<\/p>\n\n\n\n<p>S\u00ed, es cierto, la violencia criminal se extiende por todo el pa\u00eds y Oaxaca no es una isla; por el contrario, es ruta privilegiada del narcotr\u00e1fico y del tr\u00e1fico de personas. \u00bfApostar\u00e1 Jara por optar por acuerdos con criminales? O de verdad tiene ganas de hacer algo diferente por los oaxaque\u00f1os.<\/p>\n","protected":false},"excerpt":{"rendered":"<p>Ismael Garc\u00eda M.\/Zona Roja. Oaxaca de Ju\u00e1rez, Oax., a 22 de agosto de 2022.- \u00bfQu\u00e9&hellip;<\/p>\n","protected":false},"author":2,"featured_media":41735,"comment_status":"closed","ping_status":"open","sticky":false,"template":"","format":"standard","meta":{"_lmt_disableupdate":"","_lmt_disable":"","_jetpack_memberships_contains_paid_content":false,"footnotes":""},"categories":[456,109,48],"tags":[1353],"class_list":["post-44908","post","type-post","status-publish","format-standard","has-post-thumbnail","hentry","category-columna","category-minuto-a-minuto","category-zona-critica","tag-opinion-zona-critica"],"jetpack_featured_media_url":"https:\/\/zonaroja.com.mx\/wp-content\/uploads\/2022\/05\/Opinion-Ismael-Garcia-M.jpg","jetpack_sharing_enabled":true,"_links":{"self":[{"href":"https:\/\/zonaroja.com.mx\/index.php?rest_route=\/wp\/v2\/posts\/44908","targetHints":{"allow":["GET"]}}],"collection":[{"href":"https:\/\/zonaroja.com.mx\/index.php?rest_route=\/wp\/v2\/posts"}],"about":[{"href":"https:\/\/zonaroja.com.mx\/index.php?rest_route=\/wp\/v2\/types\/post"}],"author":[{"embeddable":true,"href":"https:\/\/zonaroja.com.mx\/index.php?rest_route=\/wp\/v2\/users\/2"}],"replies":[{"embeddable":true,"href":"https:\/\/zonaroja.com.mx\/index.php?rest_route=%2Fwp%2Fv2%2Fcomments&post=44908"}],"version-history":[{"count":1,"href":"https:\/\/zonaroja.com.mx\/index.php?rest_route=\/wp\/v2\/posts\/44908\/revisions"}],"predecessor-version":[{"id":44909,"href":"https:\/\/zonaroja.com.mx\/index.php?rest_route=\/wp\/v2\/posts\/44908\/revisions\/44909"}],"wp:featuredmedia":[{"embeddable":true,"href":"https:\/\/zonaroja.com.mx\/index.php?rest_route=\/wp\/v2\/media\/41735"}],"wp:attachment":[{"href":"https:\/\/zonaroja.com.mx\/index.php?rest_route=%2Fwp%2Fv2%2Fmedia&parent=44908"}],"wp:term":[{"taxonomy":"category","embeddable":true,"href":"https:\/\/zonaroja.com.mx\/index.php?rest_route=%2Fwp%2Fv2%2Fcategories&post=44908"},{"taxonomy":"post_tag","embeddable":true,"href":"https:\/\/zonaroja.com.mx\/index.php?rest_route=%2Fwp%2Fv2%2Ftags&post=44908"}],"curies":[{"name":"wp","href":"https:\/\/api.w.org\/{rel}","templated":true}]}}