{"id":44910,"date":"2022-08-22T08:56:00","date_gmt":"2022-08-22T13:56:00","guid":{"rendered":"http:\/\/www.zonaroja.com.mx\/?p=44910"},"modified":"2022-08-22T08:05:28","modified_gmt":"2022-08-22T13:05:28","slug":"valor-compromiso-y-disciplina-mueven-a-bomberos-oaxaca-a-68-anos-de-su-creacion","status":"publish","type":"post","link":"https:\/\/zonaroja.com.mx\/?p=44910","title":{"rendered":"Valor, compromiso y disciplina mueven a Bomberos Oaxaca, a 68 a\u00f1os de su creaci\u00f3n"},"content":{"rendered":"\n<p>Yuridiana Sosa\/Zona Roja.<\/p>\n\n\n\n<p>Oaxaca de Ju\u00e1rez, Oax., a 22 de agosto 2022.- Incendios, rescates en tierra y agua; primeros auxilios, son solo alguna de las circunstancias y peligros a los que se enfrentan los h\u00e9roes sin capa llamados bomberos.<\/p>\n\n\n\n<p>Con un promedio de seis mil 500 servicios al a\u00f1o, el Heroico Cuerpo de Bomberos de Oaxaca cumple este 2022 sus 68 a\u00f1os de existencia, en el marco del D\u00eda del Nacional del Bombero, que se celebra cada 22 de agosto.<\/p>\n\n\n\n<p>Por casi siete d\u00e9cadas sus elementos han logrado anteponer su compromiso, valent\u00eda y disciplina para salvaguardar a los oaxaque\u00f1os sobre sus propias carencias laborales.<\/p>\n\n\n\n<p>\u201cSer un bombero en Oaxaca es hacer lo mismo que el resto de bomberos en el mundo, pero no bajo las mismas condiciones \u2013limitadas- \u201c, expresa Manuel Maza S\u00e1nchez, director del Cuerpo de Bomberos.<\/p>\n\n\n\n<p>La vida de este heroico cuerpo de rescate no ha sido sencilla, su principal limitaci\u00f3n para formar una corporaci\u00f3n m\u00e1s robusta es la econ\u00f3mica, sin embargo, eso no le ha impedido conformar un equipo leal a su trabajo, capaz y valiente.<\/p>\n\n\n\n<p>Ser un bombero en Oaxaca no es para cualquiera; en 68 a\u00f1os la cantidad de elementos pas\u00f3 de 10, con los que inici\u00f3 en 1954, a 173 que existen actualmente al servicio de este heroico cuerpo en toda la entidad.<\/p>\n\n\n\n<p>Maza S\u00e1nchez, quien ha cumplido en reiteradas administraciones estatales como director de Bomberos e iniciando su carrera en esta \u00e1rea en 1999, destac\u00f3 los logros y obst\u00e1culos que enfrenta esta corporaci\u00f3n.<\/p>\n\n\n\n<p>HISTORIA<\/p>\n\n\n\n<p>Un incendio a orilla del Centro Hist\u00f3rico de la ciudad de Oaxaca en 1954 motiv\u00f3 la creaci\u00f3n del Cuerpo de Bomberos, protegidos principalmente con la bendici\u00f3n de sus familias.<\/p>\n\n\n\n<p>El entonces gobernador de Oaxaca, Manuel Cabrera Carrasquedo, design\u00f3 a 10 elementos de la Polic\u00eda Estatal para atender los incendios, equipados \u00fanicamente con una camioneta tipo Jeep con dos tambos de 100 litros de agua, sin Equipo de Protecci\u00f3n Personal.<\/p>\n\n\n\n<p>La primera base se instal\u00f3 en la parte baja de Palacio de Gobierno y despu\u00e9s compartieron el Cuartel Morelos con los elementos policiales, sin las m\u00ednimas condiciones.<\/p>\n\n\n\n<p>A finales de agosto de 1970, junto con la Polic\u00eda Estatal, iniciaron su traslado a la \u00abCasa del Campesino\u00bb, actualmente en el n\u00famero 1031 de la prolongaci\u00f3n Xicot\u00e9ncatl, donde se instal\u00f3 el Cuartel General.<\/p>\n\n\n\n<p>Fue hasta el 5 de marzo de 1999, con la designaci\u00f3n de Manuel Maza S\u00e1nchez como Jefe del Cuerpo de Bomberos que se inici\u00f3 con el dise\u00f1o de nuevas pol\u00edticas para el crecimiento sistem\u00e1tico y ordenado de la corporaci\u00f3n, con un enfoque de profesionalizaci\u00f3n y dignificaci\u00f3n.<\/p>\n\n\n\n<p>Entre las principales acciones se logr\u00f3 el apoyo de la sociedad, por lo que se conform\u00f3 el Patronato para Apoyo a Bomberos de Oaxaca con el objetivo de coadyuvar en materia de capacitaci\u00f3n, infraestructura, entrega de herramientas de trabajo y equipos de protecci\u00f3n personal, como ha sido hasta estos tiempos.<\/p>\n\n\n\n<figure class=\"wp-block-embed is-type-rich is-provider-twitter wp-block-embed-twitter\"><div class=\"wp-block-embed__wrapper\">\n<div class=\"twitter-tweet\"><blockquote class=\"twitter-tweet\" data-lang=\"es\"><p lang=\"es\" dir=\"ltr\">Estamos orgullosos de anunciar el 68 aniversario de <a href=\"https:\/\/twitter.com\/Bomberos_GobOax?ref_src=twsrc%5Etfw\">@Bomberos_GobOax<\/a>. Les reconocemos a cada uno de los elementos que la conforman su lealtad institucional, valor y sentido social. <br><br>El <a href=\"https:\/\/twitter.com\/GobOax?ref_src=twsrc%5Etfw\">@GobOax<\/a> <a href=\"https:\/\/twitter.com\/alejandromurat?ref_src=twsrc%5Etfw\">@alejandromurat<\/a> refrenda su compromiso con la corporaci\u00f3n. <br><br>FELIZ ANIVERSARIO <a href=\"https:\/\/t.co\/18hvwkInB1\">pic.twitter.com\/18hvwkInB1<\/a><\/p>&mdash; Sr\u00eda. Seg. P\u00fab. Oax. (@SSP_GobOax) <a href=\"https:\/\/twitter.com\/SSP_GobOax\/status\/1561417456404553729?ref_src=twsrc%5Etfw\">21 de agosto de 2022<\/a><\/blockquote><\/div>\n<\/div><\/figure>\n\n\n\n<p>Hasta el a\u00f1o 2000 recibieron el primer veh\u00edculo moderno proveniente de Albion Indiana, Estados Unidos, mientras que en 2001 se logr\u00f3 el hermanamiento entre Cuerpo de Bomberos de la Ciudad de Oaxaca de Ju\u00e1rez y la Ciudad de Palo Alto California, por el cual se han recibido beneficios.<\/p>\n\n\n\n<p>Tambi\u00e9n en 2001 se construy\u00f3 la primera estaci\u00f3n de bomberos al sur de la ciudad, \u201cAdalberto Castillo Avenda\u00f1o\u201d para dar apoyo a otros 20 municipios conurbados, zonas comerciales y el aeropuerto internacional Benito Ju\u00e1rez.<\/p>\n\n\n\n<p>LOS RETOS<\/p>\n\n\n\n<p>El director de Bomberos destaca que los limitados ingresos para este Heroico Cuerpo dificultan su crecimiento.<\/p>\n\n\n\n<p>Aunque se han logrado instalar ocho estaciones de bombero, con recursos que ha gestionado el Patronato con ayuda de la sociedad oaxque\u00f1a, y se encuentran en proceso dos proyectos m\u00e1s para el Palmar de Santa Mar\u00eda Tonameca y en Mat\u00edas Romero, falta mucho m\u00e1s.<\/p>\n\n\n\n<p>De las 210 plazas que tiene disponible el Heroico Cuerpo, se ocupan actualmente 173 en toda la entidad, 110 concentrados en la capital y zona metropolitana y el resto en el interior del estado, pero es insuficiente para la atenci\u00f3n, pues deber\u00edan existir al menos cuatro mil elementos.<\/p>\n\n\n\n<p>Otro de los retos es alcanzar una legislaci\u00f3n que los reconozca como autoridad y les otorgue presupuesto que permita seguir cumpliendo su labor, sin ahorcar tanto a la sociedad con los apoyos.<\/p>\n\n\n\n<p>Maza S\u00e1nchez se\u00f1al\u00f3 que por lo menos en seis ocasiones, en diferentes periodos de las legislaciones de Oaxaca, han buscado contar con una ley que tambi\u00e9n los reconozca como trabajadores del gobierno estatal independientes de la Secretar\u00eda de Seguridad P\u00fablica, como han permanecido, con sus propios riesgos laborales y por tanto salarios y seguridades sociales acorde a su labor.<\/p>\n\n\n\n<p>SERVICIOS Y CAPACITACIONES<\/p>\n\n\n\n<p>Por m\u00e1s de seis d\u00e9cadas sus actividades se han diversificado, por lo que siempre buscan estar en capacitaci\u00f3n, como ocurri\u00f3 recientemente para conocer m\u00e1s sobre &nbsp;procedimientos y t\u00e9cnicas para el cruce de r\u00edos con aguas r\u00e1pidas, adem\u00e1s del empaquetamiento y traslado de v\u00edctimas.<\/p>\n\n\n\n<p>Este 2022 los servicios anuales se han regularizado en comparaci\u00f3n al 2019, previo a la pandemia cuando disminuyeron, alcanzando un aproximado de m\u00e1s de tres mil servicios de todo tipo en la entidad.<\/p>\n\n\n\n<p>HA VALIDO LA PENA<\/p>\n\n\n\n<p>\u201cEl jefe Maza\u201d, como llaman al director las fuerzas de rescate y seguridad por sus a\u00f1os de experiencia en su labor, afirma que todo el esfuerzo para contar con el actual Heroico Cuerpo de Bomberos ha valido la pena.<\/p>\n\n\n\n<p>En entrevista con ZONA ROJA Oaxaca, reafirma el compromiso de servicio de los bomberos con la poblaci\u00f3n oaxaque\u00f1a, quien puede contar fielmente en ellos cuando as\u00ed lo requieran, dentro de sus posibilidades.<\/p>\n","protected":false},"excerpt":{"rendered":"<p>Yuridiana Sosa\/Zona Roja. Oaxaca de Ju\u00e1rez, Oax., a 22 de agosto 2022.- Incendios, rescates en&hellip;<\/p>\n","protected":false},"author":2,"featured_media":44911,"comment_status":"closed","ping_status":"open","sticky":false,"template":"","format":"standard","meta":{"_lmt_disableupdate":"","_lmt_disable":"","_jetpack_memberships_contains_paid_content":false,"footnotes":""},"categories":[109,46],"tags":[1946],"class_list":["post-44910","post","type-post","status-publish","format-standard","has-post-thumbnail","hentry","category-minuto-a-minuto","category-zona-blanca","tag-heroico-cuerpo-de-bomberos-oaxaca"],"jetpack_featured_media_url":"https:\/\/zonaroja.com.mx\/wp-content\/uploads\/2022\/08\/Heroico-Cuerpo-de-Bomberos-Oaxaca.jpeg","jetpack_sharing_enabled":true,"_links":{"self":[{"href":"https:\/\/zonaroja.com.mx\/index.php?rest_route=\/wp\/v2\/posts\/44910","targetHints":{"allow":["GET"]}}],"collection":[{"href":"https:\/\/zonaroja.com.mx\/index.php?rest_route=\/wp\/v2\/posts"}],"about":[{"href":"https:\/\/zonaroja.com.mx\/index.php?rest_route=\/wp\/v2\/types\/post"}],"author":[{"embeddable":true,"href":"https:\/\/zonaroja.com.mx\/index.php?rest_route=\/wp\/v2\/users\/2"}],"replies":[{"embeddable":true,"href":"https:\/\/zonaroja.com.mx\/index.php?rest_route=%2Fwp%2Fv2%2Fcomments&post=44910"}],"version-history":[{"count":1,"href":"https:\/\/zonaroja.com.mx\/index.php?rest_route=\/wp\/v2\/posts\/44910\/revisions"}],"predecessor-version":[{"id":44912,"href":"https:\/\/zonaroja.com.mx\/index.php?rest_route=\/wp\/v2\/posts\/44910\/revisions\/44912"}],"wp:featuredmedia":[{"embeddable":true,"href":"https:\/\/zonaroja.com.mx\/index.php?rest_route=\/wp\/v2\/media\/44911"}],"wp:attachment":[{"href":"https:\/\/zonaroja.com.mx\/index.php?rest_route=%2Fwp%2Fv2%2Fmedia&parent=44910"}],"wp:term":[{"taxonomy":"category","embeddable":true,"href":"https:\/\/zonaroja.com.mx\/index.php?rest_route=%2Fwp%2Fv2%2Fcategories&post=44910"},{"taxonomy":"post_tag","embeddable":true,"href":"https:\/\/zonaroja.com.mx\/index.php?rest_route=%2Fwp%2Fv2%2Ftags&post=44910"}],"curies":[{"name":"wp","href":"https:\/\/api.w.org\/{rel}","templated":true}]}}