{"id":44913,"date":"2022-08-22T10:20:00","date_gmt":"2022-08-22T15:20:00","guid":{"rendered":"http:\/\/www.zonaroja.com.mx\/?p=44913"},"modified":"2022-08-22T08:21:55","modified_gmt":"2022-08-22T13:21:55","slug":"registran-331-agresiones-a-periodistas-de-mexico-en-primer-semestre","status":"publish","type":"post","link":"https:\/\/zonaroja.com.mx\/?p=44913","title":{"rendered":"Registran 331 agresiones a periodistas de M\u00e9xico en primer semestre"},"content":{"rendered":"\n<p>Redacci\u00f3n\/Zona Roja.<\/p>\n\n\n\n<p>Ciudad de M\u00e9xico, a 20 de agosto de 2022.- En el primer semestre de 2022, Art\u00edculo 19 registr\u00f3 331 agresiones contra personas periodistas y medios de comunicaci\u00f3n.&nbsp;<\/p>\n\n\n\n<p>En comparaci\u00f3n, el primer semestre del 2016, el organismo registr\u00f3 218 ataques contra la prensa. Esto significa que en el mismo periodo del gobierno de Enrique Pe\u00f1a Nieto y de Andr\u00e9s Manuel L\u00f3pez Obrador hay un incremento del 51.83% de agresiones contra la prensa.<\/p>\n\n\n\n<p>Durante estos primeros seis meses, destacan por su gravedad e incremento, los casos de violencia letal, desplazamientos, estigmatizaci\u00f3n y&nbsp; violencia en l\u00ednea. En este primer semestre, ocurrieron 12 asesinatos de periodistas, nueve de los cuales se identificaron indicios que les vinculan con la labor period\u00edstica. Aunque al d\u00eda de hoy, se registraron seis asesinatos m\u00e1s, que esta organizaci\u00f3n sigue documentando.<\/p>\n\n\n\n<p>Un fen\u00f3meno que cada vez va en aumento, es el desplazamiento interno forzado (DIF) y el exilio de periodistas, quienes ante la ausencia de garant\u00edas que les permita ejercer su labor de manera segura, se vieron obligados abandonar sus hogares. As\u00ed, durante estos seis meses, Art\u00edculo19 document\u00f3 cuatro casos de DIF y dos casos de exilio.&nbsp;<\/p>\n\n\n\n<p>Durante este primer semestre del a\u00f1o, la organizaci\u00f3n document\u00f3 la persistencia de discursos estigmatizantes contra periodistas y medios de comunicaci\u00f3n, que buscan convertir al mensajero en el mensaje, desvirtuando las investigaciones o reportes originales de la prensa.&nbsp;<\/p>\n\n\n\n<p>Desde el titular del Poder Ejecutivo Federal, se sigue identificando un \u00abefecto cascada\u00bb donde, sin importar el nivel de gobierno, o el partido, las autoridades deslindan su responsabilidad e inclusive justifican la violencia contra la prensa al catalogarla como conservadora, vendida, o adversaria, entre otros.&nbsp;<\/p>\n\n\n\n<p>Sobre la violencia en l\u00ednea o digital, de los 331 ataques se identificaron 105, esto equivale al 31.72% del total.&nbsp; Es decir, una de cada tres agresiones ocurre en la esfera digital.&nbsp;<\/p>\n\n\n\n<p>Acerca de la geograf\u00eda de la violencia destacan, la Ciudad de M\u00e9xico, con 49 ataques, entidad donde ocurrieron el mayor n\u00famero de ataques.&nbsp;<\/p>\n\n\n\n<p>Seguido de Yucat\u00e1n y Michoac\u00e1n con 30 agresiones cada uno, ambas entidades tuvieron aumentos del n\u00famero de ataques registrados en comparaci\u00f3n con el mismo periodo del 2021, de hasta nueve veces.&nbsp;<\/p>\n\n\n\n<p>Por \u00faltimo, Tamaulipas se ubic\u00f3 en la tercera posici\u00f3n, con 21 agresiones documentadas.<\/p>\n\n\n\n<p>Adem\u00e1s, las principales agresiones documentadas en este periodo fueron intimidaciones y hostigamientos (101 casos), en segundo lugar las amenazas (66 casos), despu\u00e9s le siguieron los ataques f\u00edsicos y el uso ileg\u00edtimo del poder p\u00fablico (45 ataques).<\/p>\n\n\n\n<p>En cuanto a las v\u00edctimas de la violencia, de los 331 ataques, Art\u00edculo 19 registro que 219 fueron perpetrados contra hombres periodistas, es decir, el 66.16%, mientras que a las mujeres periodistas, se les atac\u00f3 en 88 ocasiones, equivalente al 26.59%. Finalmente a los medios de comunicaci\u00f3n y prensa nacional se le atac\u00f3 24 veces, es decir, el 7.65%<\/p>\n\n\n\n<p>El hecho de que cada 14 horas se agredi\u00f3 a la prensa en el primer semestre de 2022 demuestra que la violencia contra periodistas y medios no ha podido ser frenada.&nbsp;&nbsp;<\/p>\n\n\n\n<p>Al contrario el aumento en la violencia letal habla de un agravamiento de las condiciones de vulnerabilidad bajo las cuales la prensa ejerce su labor.&nbsp;<\/p>\n\n\n\n<p>La persistente violencia contra la prensa enfatiza la ausencia de las autoridades de los tres niveles de gobierno, las cuales han sido omisas e incapaces de generar estrategias que enfrenten las causas de la violencia contra la prensa, la cual parecer\u00eda es ya sistem\u00e1tica.&nbsp;<\/p>\n\n\n\n<p>Art\u00edculo 19 llama a las autoridades a implementar acciones urgentes en materia de prevenci\u00f3n, protecci\u00f3n y procuraci\u00f3n de justicia ante ataques cometidos contra la prensa.&nbsp;<\/p>\n\n\n\n<p>\u201cEn un contexto donde existen graves violaciones de derechos humanos, y donde la prensa es agredida por dar a conocer temas de inter\u00e9s p\u00fablico; es urgente que el Estado mexicano cumpla con sus obligaciones y tome acciones contundentes a trav\u00e9s de pol\u00edticas p\u00fablicas integrales en materia de libertad de expresi\u00f3n, combate a la impunidad y de acceso a la informaci\u00f3n en beneficio del ejercicio period\u00edstico y por tanto de la sociedad y democracia mexicana\u201d.<\/p>\n","protected":false},"excerpt":{"rendered":"<p>Redacci\u00f3n\/Zona Roja. Ciudad de M\u00e9xico, a 20 de agosto de 2022.- En el primer semestre&hellip;<\/p>\n","protected":false},"author":2,"featured_media":42181,"comment_status":"closed","ping_status":"open","sticky":false,"template":"","format":"standard","meta":{"_lmt_disableupdate":"","_lmt_disable":"","_jetpack_memberships_contains_paid_content":false,"footnotes":""},"categories":[109,47],"tags":[1016],"class_list":["post-44913","post","type-post","status-publish","format-standard","has-post-thumbnail","hentry","category-minuto-a-minuto","category-zona-gris","tag-asesinato-de-periodistas-en-mexico"],"jetpack_featured_media_url":"https:\/\/zonaroja.com.mx\/wp-content\/uploads\/2022\/06\/Violencia-asesinatos-periodistas-prensa.jpg","jetpack_sharing_enabled":true,"_links":{"self":[{"href":"https:\/\/zonaroja.com.mx\/index.php?rest_route=\/wp\/v2\/posts\/44913","targetHints":{"allow":["GET"]}}],"collection":[{"href":"https:\/\/zonaroja.com.mx\/index.php?rest_route=\/wp\/v2\/posts"}],"about":[{"href":"https:\/\/zonaroja.com.mx\/index.php?rest_route=\/wp\/v2\/types\/post"}],"author":[{"embeddable":true,"href":"https:\/\/zonaroja.com.mx\/index.php?rest_route=\/wp\/v2\/users\/2"}],"replies":[{"embeddable":true,"href":"https:\/\/zonaroja.com.mx\/index.php?rest_route=%2Fwp%2Fv2%2Fcomments&post=44913"}],"version-history":[{"count":1,"href":"https:\/\/zonaroja.com.mx\/index.php?rest_route=\/wp\/v2\/posts\/44913\/revisions"}],"predecessor-version":[{"id":44914,"href":"https:\/\/zonaroja.com.mx\/index.php?rest_route=\/wp\/v2\/posts\/44913\/revisions\/44914"}],"wp:featuredmedia":[{"embeddable":true,"href":"https:\/\/zonaroja.com.mx\/index.php?rest_route=\/wp\/v2\/media\/42181"}],"wp:attachment":[{"href":"https:\/\/zonaroja.com.mx\/index.php?rest_route=%2Fwp%2Fv2%2Fmedia&parent=44913"}],"wp:term":[{"taxonomy":"category","embeddable":true,"href":"https:\/\/zonaroja.com.mx\/index.php?rest_route=%2Fwp%2Fv2%2Fcategories&post=44913"},{"taxonomy":"post_tag","embeddable":true,"href":"https:\/\/zonaroja.com.mx\/index.php?rest_route=%2Fwp%2Fv2%2Ftags&post=44913"}],"curies":[{"name":"wp","href":"https:\/\/api.w.org\/{rel}","templated":true}]}}