{"id":44917,"date":"2022-08-22T08:38:14","date_gmt":"2022-08-22T13:38:14","guid":{"rendered":"http:\/\/www.zonaroja.com.mx\/?p=44917"},"modified":"2022-08-22T08:38:16","modified_gmt":"2022-08-22T13:38:16","slug":"rememoran-legado-del-ingeniero-mayolo-ortiz-romero","status":"publish","type":"post","link":"https:\/\/zonaroja.com.mx\/?p=44917","title":{"rendered":"Rememoran legado del ingeniero Mayolo Ortiz Romero"},"content":{"rendered":"\n<p>Redacci\u00f3n\/Zona Roja.<\/p>\n\n\n\n<p>Oaxaca de Ju\u00e1rez, Oax., a 222 de agosto de 2022.- La noche&nbsp;del pasado 19 de agosto falleci\u00f3 el ingeniero Mayolo Ortiz Romero, un oaxaque\u00f1o que por diversas razones dej\u00f3 huella entre su familia y amigos.&nbsp;<\/p>\n\n\n\n<p>Este es un breve repaso de su existencia, del inmenso amor que profes\u00f3 por sus seres queridos, y del granito de arena que aport\u00f3 a la sociedad oaxaque\u00f1a&nbsp;gracias a&nbsp;sus conocimientos,&nbsp;y a su vanguardista&nbsp;preparaci\u00f3n&nbsp;acad\u00e9mica.&nbsp;<\/p>\n\n\n\n<p>Mayolo Ortiz Romero naci\u00f3&nbsp;en la&nbsp; ciudad de Oaxaca en el mes de mayo de 1955, siendo el&nbsp;cuarto hijo&nbsp;de los ya fallecidos profesores&nbsp;Ismael Ortiz Taboada&nbsp;y&nbsp;Piedad Romero de Ortiz.&nbsp;<\/p>\n\n\n\n<p>Fue hermano de Edgardo, Ismael, Herlinda, Oscar, Mar\u00eda del Rosario, Cristina, Jorge Alberto y Luz Mar\u00eda; padre de Luis Mayolo y Ximena. Hoy, Mayolo Ortiz Romero disfruta ya en el cielo de la compa\u00f1\u00eda de sus padres y de sus hermanos Ismael y Oscar, que hace ya algunos a\u00f1os acudieron a rendirle cuentas al Creador.&nbsp;<\/p>\n\n\n\n<p>Realiz\u00f3 sus primeros estudios en la ciudad de Oaxaca y en posteriormente, en 1976&nbsp;se gradu\u00f3 en el Instituto Tecnol\u00f3gico y de Estudios Superiores de Monterrey (ITESM)&nbsp;como Ingeniero en Sistemas Computacionales&nbsp;y en 1990 de la&nbsp;Maestr\u00eda&nbsp;en Administraci\u00f3n&nbsp;en la&nbsp;Universidad Aut\u00f3noma Benito Ju\u00e1rez de Oaxaca&nbsp;(UABJO), siendo uno de los primeros profesionistas oaxaque\u00f1os en el campo de la Inform\u00e1tica y que sent\u00f3 las bases para el desarrollo de esa rama del conocimiento en nuestro estado.<\/p>\n\n\n\n<p>Su trayectoria profesional fue&nbsp;muy amplia, abarcando&nbsp;la implementaci\u00f3n de proyectos&nbsp;relacionados con sistemas y tecnolog\u00edas de informaci\u00f3n&nbsp;en importantes empresas e instituciones como: la&nbsp;Sider\u00fargica L\u00e1zaro C\u00e1rdenas, la&nbsp;Secretaria de Educaci\u00f3n P\u00fablica, la&nbsp;Vidriera Los Reyes S. A., la&nbsp;Secretar\u00eda de Comunicaciones y Transportes, la compa\u00f1\u00eda de telefon\u00eda&nbsp;Sage Telecom&nbsp;en&nbsp;Dallas, Texas&nbsp;y recientemente del 2014 a 2016 en la&nbsp;Secretar\u00eda de Finanzas de Oaxaca.<\/p>\n\n\n\n<p>Su legado m\u00e1s importante, sin embargo, radica en el inmenso amor y cercan\u00eda que siempre procur\u00f3 con sus seres queridos: nunca import\u00f3 la distancia, el tiempo o la circunstancia. \u00c9l siempre supo estar cerca de sus afectos.&nbsp;<\/p>\n\n\n\n<p>D\u00eda a d\u00eda, desde hace casi 40 a\u00f1os,&nbsp;preocupado&nbsp;por el bienestar de sus hijos, hermanos y seres queridos. C\u00e1lido en su trato, dio siempre un extra para estar cerca de sus amigos; para reir con ellos y polemizar positivamente sobre sus temas de inter\u00e9s. Jam\u00e1s neg\u00f3 una sonrisa ni una mano para ayudar cuando era necesario.<\/p>\n\n\n\n<p>Su deceso ocurri\u00f3 el d\u00eda 19 de agosto de 2022 en la ciudad de Torre\u00f3n, Coahuila, por lo que sus&nbsp;familiaresy&nbsp;amigos lo despiden con&nbsp;el&nbsp;recuerdo entra\u00f1able de un hombre de familia y profesionista distinguido.<\/p>\n\n\n\n<p>Su familia y amigos lo despediremos a las 18:00 horas de este lunes 22 de agosto, con una misa en la Capilla de Nuestra Se\u00f1ora de Guadalupe y de San Juan Diego,&nbsp;ubicada en Huerto Platanares 206, fraccionamiento Trinidad de las Huertas.&nbsp;<\/p>\n\n\n\n<p>En ese mismo Recinto Religioso, se realizar\u00e1 el novenario por el eterno descanso de su alma, de los d\u00edas martes 23 al domingo 28, a las 18:&nbsp; horas.<\/p>\n\n\n\n<p>Respetuosamente,&nbsp;familia Ortiz Romero.<\/p>\n","protected":false},"excerpt":{"rendered":"<p>Redacci\u00f3n\/Zona Roja. Oaxaca de Ju\u00e1rez, Oax., a 222 de agosto de 2022.- La noche&nbsp;del pasado&hellip;<\/p>\n","protected":false},"author":2,"featured_media":44918,"comment_status":"closed","ping_status":"open","sticky":false,"template":"","format":"standard","meta":{"_lmt_disableupdate":"","_lmt_disable":"","_jetpack_memberships_contains_paid_content":false,"footnotes":""},"categories":[109,46],"tags":[3235],"class_list":["post-44917","post","type-post","status-publish","format-standard","has-post-thumbnail","hentry","category-minuto-a-minuto","category-zona-blanca","tag-mayolo-ortiz-romero"],"jetpack_featured_media_url":"https:\/\/zonaroja.com.mx\/wp-content\/uploads\/2022\/08\/Mayolo-Ortiz-Romero.jpg","jetpack_sharing_enabled":true,"_links":{"self":[{"href":"https:\/\/zonaroja.com.mx\/index.php?rest_route=\/wp\/v2\/posts\/44917","targetHints":{"allow":["GET"]}}],"collection":[{"href":"https:\/\/zonaroja.com.mx\/index.php?rest_route=\/wp\/v2\/posts"}],"about":[{"href":"https:\/\/zonaroja.com.mx\/index.php?rest_route=\/wp\/v2\/types\/post"}],"author":[{"embeddable":true,"href":"https:\/\/zonaroja.com.mx\/index.php?rest_route=\/wp\/v2\/users\/2"}],"replies":[{"embeddable":true,"href":"https:\/\/zonaroja.com.mx\/index.php?rest_route=%2Fwp%2Fv2%2Fcomments&post=44917"}],"version-history":[{"count":1,"href":"https:\/\/zonaroja.com.mx\/index.php?rest_route=\/wp\/v2\/posts\/44917\/revisions"}],"predecessor-version":[{"id":44919,"href":"https:\/\/zonaroja.com.mx\/index.php?rest_route=\/wp\/v2\/posts\/44917\/revisions\/44919"}],"wp:featuredmedia":[{"embeddable":true,"href":"https:\/\/zonaroja.com.mx\/index.php?rest_route=\/wp\/v2\/media\/44918"}],"wp:attachment":[{"href":"https:\/\/zonaroja.com.mx\/index.php?rest_route=%2Fwp%2Fv2%2Fmedia&parent=44917"}],"wp:term":[{"taxonomy":"category","embeddable":true,"href":"https:\/\/zonaroja.com.mx\/index.php?rest_route=%2Fwp%2Fv2%2Fcategories&post=44917"},{"taxonomy":"post_tag","embeddable":true,"href":"https:\/\/zonaroja.com.mx\/index.php?rest_route=%2Fwp%2Fv2%2Ftags&post=44917"}],"curies":[{"name":"wp","href":"https:\/\/api.w.org\/{rel}","templated":true}]}}