{"id":4492,"date":"2019-10-02T15:49:57","date_gmt":"2019-10-02T20:49:57","guid":{"rendered":"https:\/\/www.zonaroja.com.mx\/?p=4492"},"modified":"2019-10-02T15:51:33","modified_gmt":"2019-10-02T20:51:33","slug":"piden-a-sspo-vigilar-y-no-reprimir-a-manifestantes-por-2-de-octubre","status":"publish","type":"post","link":"https:\/\/zonaroja.com.mx\/?p=4492","title":{"rendered":"Piden a SSPO vigilar y no reprimir a manifestantes por 2 de octubre"},"content":{"rendered":"\n<p> Redacci\u00f3n\/Zona Roja. <\/p>\n\n\n\n<p>San Raymundo Jalpan, Oax., 2 de octubre de 2019.- Al reiterar que ni perd\u00f3n ni olvido por la masacre del 2 de octubre de 1968, la presidenta de la Diputaci\u00f3n Permanente de la 64 Legislatura, Magaly L\u00f3pez Dom\u00ednguez, pidi\u00f3 hoy a la Secretar\u00eda de Seguridad P\u00fablica garantizar el orden p\u00fablico por las marchas de este d\u00eda en la entidad. <\/p>\n\n\n\n<p>Pero tambi\u00e9n, no reprimir a los manifestantes que participan en la conmemoraci\u00f3n de los hechos de Tlatelolco de hace 51 a\u00f1os, perpetrados por orden del entonces Presidente de M\u00e9xico, Gustavo D\u00edaz Ordaz. <\/p>\n\n\n\n<p>\u201cEl ataque militar al movimiento estudiantil en la Plaza de las Tres Culturas no es el \u00fanico caso en que el gobierno actu\u00f3 contra el pueblo, que actuaba de manera leg\u00edtima y legal en la b\u00fasqueda de una mejor sociedad.<\/p>\n\n\n\n<p class=\"s2\">\u201cAprovecho para hacer un atento exhorto al titular de la Secretar\u00eda de Seguridad P\u00fablica para que instruya a sus agentes a actuar con respeto a los derechos humanos frente a las manifestaciones conmemorativas que seguramente se realizar\u00e1n hoy en la ciudad de Oaxaca. &nbsp;<\/p>\n\n\n\n<p class=\"s2\">\u201cRecordemos que de manera reiterada, los d\u00edas 2 de octubre han sido cometidas por parte de esa dependencia detenciones arbitrarias y otras violaciones a derechos humanos, calificadas por el organismo aut\u00f3nomo\u201d, dijo en tribuna la legisladora por el Partido Morena.&nbsp;<\/p>\n\n\n\n<p class=\"s2\">A\u00f1adi\u00f3:<\/p>\n\n\n\n<p class=\"s2\">\u201cHoy, que estamos en la construcci\u00f3n de una nueva sociedad, es&nbsp;ineludible hacer memoria.&nbsp;Porque un&nbsp;cambio&nbsp;verdadero, profundo, no puede ser construido&nbsp;a partir del olvido.&nbsp;Solamente la memoria,&nbsp;la verdad y la justicia&nbsp;pueden alumbrar una nueva sociedad\u201d<\/p>\n\n\n\n<p class=\"s2\">Magaly L\u00f3pez sostuvo que para que el nuevo gobierno del pueblo&nbsp;tenga la posibilidad de&nbsp;trascender a la historia, debe tener las ra\u00edces firmes en la&nbsp;memoria.<\/p>\n\n\n\n<p class=\"s2\">\u201cPor eso, no puede haber ni perd\u00f3n, ni olvido a la masacre de 1968.&nbsp;No puede haber ni&nbsp;perd\u00f3n ni olvido al&nbsp;halconazo&nbsp;de 1971.&nbsp;Ni perd\u00f3n ni olvido a las masacres de&nbsp;Aguas Blancas&nbsp;y de&nbsp;Acteal, ni al ataque de Atenco.<\/p>\n\n\n\n<p class=\"s2\">&nbsp;\u201cNi perd\u00f3n ni olvido a la&nbsp;represi\u00f3n al movimiento social de Oaxaca&nbsp;de&nbsp;2006 y 2007.&nbsp;Ni perd\u00f3n ni olvido a la&nbsp;masacre de&nbsp;Nochixtl\u00e1n.&nbsp;No olvidar, ni perdonar, que nos faltan 43\u201d.&nbsp;<br class=\"Apple-interchange-newline\" \/><\/p>\n\n\n\n<p><\/p>\n","protected":false},"excerpt":{"rendered":"<p>Redacci\u00f3n\/Zona Roja. San Raymundo Jalpan, Oax., 2 de octubre de 2019.- Al reiterar que ni&hellip;<\/p>\n","protected":false},"author":2,"featured_media":4491,"comment_status":"closed","ping_status":"open","sticky":false,"template":"","format":"standard","meta":{"_lmt_disableupdate":"","_lmt_disable":"","_jetpack_memberships_contains_paid_content":false,"footnotes":""},"categories":[1],"tags":[],"class_list":["post-4492","post","type-post","status-publish","format-standard","has-post-thumbnail","hentry","category-sin-categoria"],"jetpack_featured_media_url":"https:\/\/zonaroja.com.mx\/wp-content\/uploads\/2019\/10\/59144d2a-bc6e-4574-b739-af552623c780.jpg","jetpack_sharing_enabled":true,"_links":{"self":[{"href":"https:\/\/zonaroja.com.mx\/index.php?rest_route=\/wp\/v2\/posts\/4492","targetHints":{"allow":["GET"]}}],"collection":[{"href":"https:\/\/zonaroja.com.mx\/index.php?rest_route=\/wp\/v2\/posts"}],"about":[{"href":"https:\/\/zonaroja.com.mx\/index.php?rest_route=\/wp\/v2\/types\/post"}],"author":[{"embeddable":true,"href":"https:\/\/zonaroja.com.mx\/index.php?rest_route=\/wp\/v2\/users\/2"}],"replies":[{"embeddable":true,"href":"https:\/\/zonaroja.com.mx\/index.php?rest_route=%2Fwp%2Fv2%2Fcomments&post=4492"}],"version-history":[{"count":1,"href":"https:\/\/zonaroja.com.mx\/index.php?rest_route=\/wp\/v2\/posts\/4492\/revisions"}],"predecessor-version":[{"id":4493,"href":"https:\/\/zonaroja.com.mx\/index.php?rest_route=\/wp\/v2\/posts\/4492\/revisions\/4493"}],"wp:featuredmedia":[{"embeddable":true,"href":"https:\/\/zonaroja.com.mx\/index.php?rest_route=\/wp\/v2\/media\/4491"}],"wp:attachment":[{"href":"https:\/\/zonaroja.com.mx\/index.php?rest_route=%2Fwp%2Fv2%2Fmedia&parent=4492"}],"wp:term":[{"taxonomy":"category","embeddable":true,"href":"https:\/\/zonaroja.com.mx\/index.php?rest_route=%2Fwp%2Fv2%2Fcategories&post=4492"},{"taxonomy":"post_tag","embeddable":true,"href":"https:\/\/zonaroja.com.mx\/index.php?rest_route=%2Fwp%2Fv2%2Ftags&post=4492"}],"curies":[{"name":"wp","href":"https:\/\/api.w.org\/{rel}","templated":true}]}}