{"id":44921,"date":"2022-08-22T13:27:28","date_gmt":"2022-08-22T18:27:28","guid":{"rendered":"https:\/\/www.zonaroja.com.mx\/?p=44921"},"modified":"2022-08-22T13:27:29","modified_gmt":"2022-08-22T18:27:29","slug":"soy-la-mama-de-tu-hijo-clama-abigail-al-aferrarse-a-su-pareja-que-lo-entrego-a-policias","status":"publish","type":"post","link":"https:\/\/zonaroja.com.mx\/?p=44921","title":{"rendered":"\u201cSoy la mam\u00e1 de tu hijo\u201d, clama Abigail al aferrarse a su pareja, que lo entreg\u00f3 a polic\u00edas"},"content":{"rendered":"\n<p>Yuridiana Sosa\/zona Roja.<\/p>\n\n\n\n<p>Oaxaca de Ju\u00e1rez, Oax., 22 de agosto de 2022.- Abigail trat\u00f3 de evitar su detenci\u00f3n. Se aferr\u00f3 hasta el \u00faltimo minuto a quien identific\u00f3 como el padre de su hijo, quien la entreg\u00f3 a los elementos de la Polic\u00eda Municipal de Salina Cruz, en el Istmo de Tehuantepec.<\/p>\n\n\n\n<p>Un video difundido en redes sociales da cuenta de la forma en que la joven madre de dos menores fue detenida la tarde del viernes 19 de agosto y llevada a bordo de la patrulla municipal 069.<\/p>\n\n\n\n<p>Fue probablemente la \u00faltima imagen en la que se le vio con vida a Abigail Hay Urrutia, pues minutos se report\u00f3 su muerte, un presunto suicidio que ya se investiga.<\/p>\n\n\n\n<p>Abigail conduc\u00eda un veh\u00edculo color rojo, de acuerdo a im\u00e1genes difundidas. Una vez que inici\u00f3 su aprehensi\u00f3n, presuntamente por una falta administrativa por problema familiar en la v\u00eda p\u00fablica, se aprecia en el video que el coche qued\u00f3 con la puerta abierta mientras ella se sujeta, casi colgada, del cuerpo del hombre.<\/p>\n\n\n\n<p>\u201cSoy la mam\u00e1 de tu hijo, soy la mam\u00e1 de tu hijo\u201d, expres\u00f3 la joven madre, se sostiene con fuerza de la camisa del var\u00f3n, y con una de sus piernas enrolladas en la pierna del hombre, quiere evitar su detenci\u00f3n. Por la espalda, una mujer polic\u00eda la jala y la conduce hacia la patrulla.<\/p>\n\n\n\n<p>\u201cQue venga para que sepa qui\u00e9n es\u201d, agreg\u00f3 Abigail Hay Urrutia a una de las propuestas, inaudibles en el video, que hacen los involucrados. Hab\u00eda por lo menos cuatro elementos de la corporaci\u00f3n municipal.<\/p>\n\n\n\n<p>Ante la resistencia de la joven madre, alguien -probablemente un polic\u00eda- le sugiri\u00f3 al hombre subirse a la patrulla, sin que ello representara su detenci\u00f3n, pues s\u00f3lo es para colaborar y facilitar la detenci\u00f3n y traslado a los separos.&nbsp;<\/p>\n\n\n\n<p>El video acaba con la imagen de Abigail sobre la puerta de batea de la patrulla, a\u00fan aferrada al hombre, quien est\u00e1 sobre ella, mientras la mujer polic\u00eda la trata de jalar a otra \u00e1rea de la batea.&nbsp;<\/p>\n\n\n\n<p>SE INDAGAN VARIAS L\u00cdNEAS<\/p>\n\n\n\n<p>Ante el delito, el fiscal General de Oaxaca, Arturo Peimbert Calvo, se\u00f1al\u00f3 que se realiza la indagatoria correspondiente para determinar el delito que se llev\u00f3 a cabo, el cual est\u00e1 en duda si se trat\u00f3 de un suicidio como la Polic\u00eda Municipal inform\u00f3 a la familia, o fue un feminicidio.<\/p>\n\n\n\n<p>El Fiscal de Oaxaca dijo que se revisa cu\u00e1nta responsabilidad hay en los servidores p\u00fablicos o personas involucradas en la detenci\u00f3n de Abigail dentro de los separos municipales y por lo cual se abri\u00f3 la carpeta de investigaci\u00f3n 28868\/FIST\/SALINA\/2022.<\/p>\n\n\n\n<p>SIN SEPELIO<\/p>\n\n\n\n<p>En tanto, el padre de la joven, Jos\u00e9 Luis Hay y Hay, inform\u00f3 que las autoridades municipales no le proporcionan informaci\u00f3n.<\/p>\n\n\n\n<p>\u201cComunico a amigos y familiares que no se va llevar a cabo el sepelio de mi hija Abigail Hay Urrutia el d\u00eda hoy ya que las autoridades no me han informado absolutamente nada. El hecho es que mi hija est\u00e1 muerta, dos menores se quedaron hu\u00e9rfanos, no hay ning\u00fan detenido, no me dan la necropsia\u201d, circul\u00f3 el padre por medio de redes sociales\u201d.<\/p>\n\n\n\n<p>El se\u00f1or rechaz\u00f3 la versi\u00f3n de la Polic\u00eda Municipal, sobre que la joven de 30 a\u00f1os se suicid\u00f3 en el interior de la celda con su ropa interior (calz\u00f3n) y sostuvo que fue la propia polic\u00eda la que mat\u00f3 a su hija.<\/p>\n","protected":false},"excerpt":{"rendered":"<p>Yuridiana Sosa\/zona Roja. Oaxaca de Ju\u00e1rez, Oax., 22 de agosto de 2022.- Abigail trat\u00f3 de&hellip;<\/p>\n","protected":false},"author":2,"featured_media":44920,"comment_status":"closed","ping_status":"open","sticky":false,"template":"","format":"standard","meta":{"_lmt_disableupdate":"","_lmt_disable":"","_jetpack_memberships_contains_paid_content":false,"footnotes":""},"categories":[109,47],"tags":[],"class_list":["post-44921","post","type-post","status-publish","format-standard","has-post-thumbnail","hentry","category-minuto-a-minuto","category-zona-gris"],"jetpack_featured_media_url":"https:\/\/zonaroja.com.mx\/wp-content\/uploads\/2022\/08\/img_3995.jpg","jetpack_sharing_enabled":true,"_links":{"self":[{"href":"https:\/\/zonaroja.com.mx\/index.php?rest_route=\/wp\/v2\/posts\/44921","targetHints":{"allow":["GET"]}}],"collection":[{"href":"https:\/\/zonaroja.com.mx\/index.php?rest_route=\/wp\/v2\/posts"}],"about":[{"href":"https:\/\/zonaroja.com.mx\/index.php?rest_route=\/wp\/v2\/types\/post"}],"author":[{"embeddable":true,"href":"https:\/\/zonaroja.com.mx\/index.php?rest_route=\/wp\/v2\/users\/2"}],"replies":[{"embeddable":true,"href":"https:\/\/zonaroja.com.mx\/index.php?rest_route=%2Fwp%2Fv2%2Fcomments&post=44921"}],"version-history":[{"count":1,"href":"https:\/\/zonaroja.com.mx\/index.php?rest_route=\/wp\/v2\/posts\/44921\/revisions"}],"predecessor-version":[{"id":44922,"href":"https:\/\/zonaroja.com.mx\/index.php?rest_route=\/wp\/v2\/posts\/44921\/revisions\/44922"}],"wp:featuredmedia":[{"embeddable":true,"href":"https:\/\/zonaroja.com.mx\/index.php?rest_route=\/wp\/v2\/media\/44920"}],"wp:attachment":[{"href":"https:\/\/zonaroja.com.mx\/index.php?rest_route=%2Fwp%2Fv2%2Fmedia&parent=44921"}],"wp:term":[{"taxonomy":"category","embeddable":true,"href":"https:\/\/zonaroja.com.mx\/index.php?rest_route=%2Fwp%2Fv2%2Fcategories&post=44921"},{"taxonomy":"post_tag","embeddable":true,"href":"https:\/\/zonaroja.com.mx\/index.php?rest_route=%2Fwp%2Fv2%2Ftags&post=44921"}],"curies":[{"name":"wp","href":"https:\/\/api.w.org\/{rel}","templated":true}]}}