{"id":44926,"date":"2022-08-22T18:18:18","date_gmt":"2022-08-22T23:18:18","guid":{"rendered":"https:\/\/www.zonaroja.com.mx\/?p=44926"},"modified":"2022-08-22T18:18:19","modified_gmt":"2022-08-22T23:18:19","slug":"condena-ddhpo-muerte-de-personas-en-centros-de-detencion-municipales","status":"publish","type":"post","link":"https:\/\/zonaroja.com.mx\/?p=44926","title":{"rendered":"Condena DDHPO muerte de personas en centros de detenci\u00f3n municipales"},"content":{"rendered":"\n<p>Redacci\u00f3n\/Zona Roja. <\/p>\n\n\n\n<p>Oaxaca de Ju\u00e1rez, Oax., a 22 de agosto de 2022.-La Defensor\u00eda de los Derechos Humanos del Pueblo de Oaxaca (DDHPO) conden\u00f3 las muertes de Abigail H.U y Jaime H.O., ocurridas en centros de detenci\u00f3n municipales, la primera en el municipio de Salina Cruz y en Santa Mar\u00eda Huatulco, respectivamente.&nbsp;&nbsp;<\/p>\n\n\n\n<p>Ante ello, el organismo aut\u00f3nomo advirti\u00f3 que, los espacios de detenci\u00f3n de municipios son zonas de alto riesgo de violaciones a derechos humanos, ya que tan solo entre enero de 2020 y hasta lo que va de 2022, la DDHPO ha documentado ocho muertes ocurridas en c\u00e1rceles municipales o durante la detenci\u00f3n de las personas.<\/p>\n\n\n\n<p>El organismo Defensor tuvo conocimiento que la tarde noche del viernes 19 de agosto, Abigail H.U. fue detenida por elementos de la polic\u00eda municipal de Salina Cruz, por una supuesta falta administrativa, sin embargo, apareci\u00f3 muerta horas m\u00e1s tarde.<\/p>\n\n\n\n<p>Sobre el caso, familiares denunciaron que la v\u00edctima fue golpeada por los polic\u00edas municipales, ocasionando su muerte, adem\u00e1s agregaron que las autoridades municipales les dijeron que fue un suicidio.&nbsp;<\/p>\n\n\n\n<p>En el caso de Jaime H.O., se tuvo conocimiento que esta persona fue detenida por elementos de la polic\u00eda municipal de Santa Mar\u00eda Huatulco debido a una falta administrativa, sin embargo, falleci\u00f3 horas despu\u00e9s debido a un golpe en la cabeza.<\/p>\n\n\n\n<p>Ante estos hechos la DDHPO inici\u00f3 los expedientes de queja DDHPO\/1271\/(21)\/OAX\/2022 para investigar la actuaci\u00f3n de la autoridad municipal de Salina Cruz, as\u00ed como el expediente DDHPO\/072\/RC\/OAX\/2022 por lo ocurrido en Santa Mar\u00eda Huatulco.<\/p>\n\n\n\n<p>A trav\u00e9s de estos documentos, la DDHPO requiri\u00f3 a las autoridades municipales de ambas localidades informes sobre lo ocurrido, adem\u00e1s de solicitar a la Fiscal\u00eda General de Justicia del Estado que investigue ambos casos, y en el de Salina Cruz, con perspectiva de g\u00e9nero.&nbsp;&nbsp;<\/p>\n\n\n\n<p>La DDHPO reiter\u00f3 que se mantiene vigilante de que las actuaciones se inscriban a los est\u00e1ndares de derechos humanos.<\/p>\n\n\n\n<p>El organismo aut\u00f3nomo ha insistido en la necesidad de que se establezcan mecanismos que permitan atender las causas estructurales que originan este tipo de hechos, puesto que es urgente que se cuenten con mecanismos que garanticen la seguridad e integridad de las personas mientras se encuentran en esos espacios.&nbsp;<\/p>\n\n\n\n<p>Adem\u00e1s, la Defensor\u00eda ha insistido que los elementos de los cuerpos de seguridad municipales requieren que se les brinden herramientas jur\u00eddicas y t\u00e9cnicas para que puedan desempe\u00f1ar sus actividades sin violentar derechos humanos o el marco jur\u00eddico.<\/p>\n\n\n\n<p>La Defensor\u00eda de los Derechos Humanos del Pueblo de Oaxaca es respetuosa de las atribuciones legales que tienen las autoridades municipales, as\u00ed como de los mecanismos de organizaci\u00f3n de las comunidades que se rigen por sistemas normativos internos, sin embargo, tienen la obligaci\u00f3n legal de contar con mecanismos que aseguren la integridad f\u00edsica y psicol\u00f3gica de las personas, adem\u00e1s de instalaciones con una infraestructura adecuada para que brinden una atenci\u00f3n integral y con pleno respeto a los derechos humanos.&nbsp;<\/p>\n\n\n\n<p>Finalmente, la DDHPO se\u00f1al\u00f3 que tan solo entre enero de 2020 y agosto de 2022, la DDHPO ha recibido 474 quejas relativas a actuaciones que pudiesen configurar abuso policial en toda la entidad.<\/p>\n","protected":false},"excerpt":{"rendered":"<p>Redacci\u00f3n\/Zona Roja. Oaxaca de Ju\u00e1rez, Oax., a 22 de agosto de 2022.-La Defensor\u00eda de los&hellip;<\/p>\n","protected":false},"author":2,"featured_media":44883,"comment_status":"closed","ping_status":"open","sticky":false,"template":"","format":"standard","meta":{"_lmt_disableupdate":"","_lmt_disable":"","_jetpack_memberships_contains_paid_content":false,"footnotes":""},"categories":[109,47],"tags":[],"class_list":["post-44926","post","type-post","status-publish","format-standard","has-post-thumbnail","hentry","category-minuto-a-minuto","category-zona-gris"],"jetpack_featured_media_url":"https:\/\/zonaroja.com.mx\/wp-content\/uploads\/2022\/08\/Mujer-presa-detenida-recluida-reclusa.jpg","jetpack_sharing_enabled":true,"_links":{"self":[{"href":"https:\/\/zonaroja.com.mx\/index.php?rest_route=\/wp\/v2\/posts\/44926","targetHints":{"allow":["GET"]}}],"collection":[{"href":"https:\/\/zonaroja.com.mx\/index.php?rest_route=\/wp\/v2\/posts"}],"about":[{"href":"https:\/\/zonaroja.com.mx\/index.php?rest_route=\/wp\/v2\/types\/post"}],"author":[{"embeddable":true,"href":"https:\/\/zonaroja.com.mx\/index.php?rest_route=\/wp\/v2\/users\/2"}],"replies":[{"embeddable":true,"href":"https:\/\/zonaroja.com.mx\/index.php?rest_route=%2Fwp%2Fv2%2Fcomments&post=44926"}],"version-history":[{"count":1,"href":"https:\/\/zonaroja.com.mx\/index.php?rest_route=\/wp\/v2\/posts\/44926\/revisions"}],"predecessor-version":[{"id":44927,"href":"https:\/\/zonaroja.com.mx\/index.php?rest_route=\/wp\/v2\/posts\/44926\/revisions\/44927"}],"wp:featuredmedia":[{"embeddable":true,"href":"https:\/\/zonaroja.com.mx\/index.php?rest_route=\/wp\/v2\/media\/44883"}],"wp:attachment":[{"href":"https:\/\/zonaroja.com.mx\/index.php?rest_route=%2Fwp%2Fv2%2Fmedia&parent=44926"}],"wp:term":[{"taxonomy":"category","embeddable":true,"href":"https:\/\/zonaroja.com.mx\/index.php?rest_route=%2Fwp%2Fv2%2Fcategories&post=44926"},{"taxonomy":"post_tag","embeddable":true,"href":"https:\/\/zonaroja.com.mx\/index.php?rest_route=%2Fwp%2Fv2%2Ftags&post=44926"}],"curies":[{"name":"wp","href":"https:\/\/api.w.org\/{rel}","templated":true}]}}