{"id":44928,"date":"2022-08-22T19:35:51","date_gmt":"2022-08-23T00:35:51","guid":{"rendered":"http:\/\/www.zonaroja.com.mx\/?p=44928"},"modified":"2022-08-22T19:35:52","modified_gmt":"2022-08-23T00:35:52","slug":"denuncian-intento-de-feminicidio-y-fuga-del-agresor-exigen-justicia-por-rosalba","status":"publish","type":"post","link":"https:\/\/zonaroja.com.mx\/?p=44928","title":{"rendered":"Denuncian intento de feminicidio y fuga del agresor; exigen justicia por Rosalba"},"content":{"rendered":"\n<p>Yuridiana Sosa\/Zona Roja.<\/p>\n\n\n\n<p>Oaxaca de Ju\u00e1rez, Oax., 22 de agosto de 2022.- En medio de un crudo ambiente de violencia contra las mujeres en Oaxaca, este fin de semana se registr\u00f3 otro intento de feminicidio contra una oaxaque\u00f1a, dej\u00e1ndola gravemente lesionada.<\/p>\n\n\n\n<p>La Red de Mujeres para una Vida libre de Violencia (Remuvi) denunci\u00f3 el caso de Rosalba In\u00e9s J.R, v\u00edctima de tentativa de feminicidio por parte de su esposo, identificado como Braulio Bautista G., quien tras el hecho huy\u00f3.<\/p>\n\n\n\n<p>El lamentable suceso se registr\u00f3 la madrugada del domingo 21 de agosto. De acuerdo con la denuncia, Braulio golpe\u00f3 brutalmente a su esposa, a quien, adem\u00e1s apu\u00f1al\u00f3 en repetidas ocasiones en varias partes del cuerpo, principalmente ocasion\u00e1ndole heridas en la cara y cuello el trozo de un vidrio.<\/p>\n\n\n\n<p>Ante este hecho, la asociaci\u00f3n civil demand\u00f3 a la Fiscal\u00eda General de Oaxaca atender este caso debidamente para que se realicen las investigaciones correspondientes, lo que implica la detenci\u00f3n del agresor.<\/p>\n\n\n\n<p>La cifra de feminicidios en Oaxaca ascendi\u00f3 este fin de semana a 679, con el asesinato de una menor de tres a\u00f1os de edad, v\u00edctima de la agresi\u00f3n armada a su padre en Santiago Pinotepa Nacional.<\/p>\n\n\n\n<p>Mientras que una mujer adulta fue asesinada a balazos este domingo en Juchit\u00e1n de Zaragoza, cuando viajaba en motocicleta.<\/p>\n\n\n\n<p>Sin embargo, la cifra podr\u00eda ascender a 680 de comprobarse la comisi\u00f3n de un feminicidio contra Abigail Hay Urrutia, en Salina Cruz, quien supuestamente por la versi\u00f3n de la Polic\u00eda Municipal se suicid\u00f3 mientras se encontraba detenida en los separos.&nbsp;<\/p>\n","protected":false},"excerpt":{"rendered":"<p>Yuridiana Sosa\/Zona Roja. Oaxaca de Ju\u00e1rez, Oax., 22 de agosto de 2022.- En medio de&hellip;<\/p>\n","protected":false},"author":2,"featured_media":44929,"comment_status":"closed","ping_status":"open","sticky":false,"template":"","format":"standard","meta":{"_lmt_disableupdate":"","_lmt_disable":"","_jetpack_memberships_contains_paid_content":false,"footnotes":""},"categories":[109,47],"tags":[],"class_list":["post-44928","post","type-post","status-publish","format-standard","has-post-thumbnail","hentry","category-minuto-a-minuto","category-zona-gris"],"jetpack_featured_media_url":"https:\/\/zonaroja.com.mx\/wp-content\/uploads\/2022\/08\/Probable-feminicida-.jpg","jetpack_sharing_enabled":true,"_links":{"self":[{"href":"https:\/\/zonaroja.com.mx\/index.php?rest_route=\/wp\/v2\/posts\/44928","targetHints":{"allow":["GET"]}}],"collection":[{"href":"https:\/\/zonaroja.com.mx\/index.php?rest_route=\/wp\/v2\/posts"}],"about":[{"href":"https:\/\/zonaroja.com.mx\/index.php?rest_route=\/wp\/v2\/types\/post"}],"author":[{"embeddable":true,"href":"https:\/\/zonaroja.com.mx\/index.php?rest_route=\/wp\/v2\/users\/2"}],"replies":[{"embeddable":true,"href":"https:\/\/zonaroja.com.mx\/index.php?rest_route=%2Fwp%2Fv2%2Fcomments&post=44928"}],"version-history":[{"count":1,"href":"https:\/\/zonaroja.com.mx\/index.php?rest_route=\/wp\/v2\/posts\/44928\/revisions"}],"predecessor-version":[{"id":44930,"href":"https:\/\/zonaroja.com.mx\/index.php?rest_route=\/wp\/v2\/posts\/44928\/revisions\/44930"}],"wp:featuredmedia":[{"embeddable":true,"href":"https:\/\/zonaroja.com.mx\/index.php?rest_route=\/wp\/v2\/media\/44929"}],"wp:attachment":[{"href":"https:\/\/zonaroja.com.mx\/index.php?rest_route=%2Fwp%2Fv2%2Fmedia&parent=44928"}],"wp:term":[{"taxonomy":"category","embeddable":true,"href":"https:\/\/zonaroja.com.mx\/index.php?rest_route=%2Fwp%2Fv2%2Fcategories&post=44928"},{"taxonomy":"post_tag","embeddable":true,"href":"https:\/\/zonaroja.com.mx\/index.php?rest_route=%2Fwp%2Fv2%2Ftags&post=44928"}],"curies":[{"name":"wp","href":"https:\/\/api.w.org\/{rel}","templated":true}]}}