{"id":44931,"date":"2022-08-22T20:48:32","date_gmt":"2022-08-23T01:48:32","guid":{"rendered":"http:\/\/www.zonaroja.com.mx\/?p=44931"},"modified":"2022-08-22T20:48:33","modified_gmt":"2022-08-23T01:48:33","slug":"aseguran-que-el-94-de-la-fuerza-publica-de-oaxaca-se-encuentra-acreditada","status":"publish","type":"post","link":"https:\/\/zonaroja.com.mx\/?p=44931","title":{"rendered":"Aseguran que el 94% de la fuerza p\u00fablica de Oaxaca se encuentra acreditada"},"content":{"rendered":"\n<p>Redacci\u00f3n\/Zona Roja.<\/p>\n\n\n\n<p>Oaxaca de Ju\u00e1rez, Oax., a 22 de agosto de 2022.- La certificaci\u00f3n de elementos en la Polic\u00eda Estatal es del 97%, para las polic\u00edas municipales el 91%, para los agentes Estatales de Investigaci\u00f3n el 93% y el 100% para los agentes de Guardia y Custodia; por lo que hasta el momento el 97% del total de la fuerza publica ya se encuentra certificada.<\/p>\n\n\n\n<p>As\u00ed lo aseguraron este lunes autoridades del Gobierno del Estado, durante un acto que presidi\u00f3 el gobernador Alejandro Murat Hinojosa para la entrega de 25 insignias a integrantes de la quinta generaci\u00f3n de la Unidad Policial de Operaciones Especiales (UPOE) de la Polic\u00eda Estatal de Oaxaca.<\/p>\n\n\n\n<p>La ceremonia se efectu\u00f3 en las instalaciones del Instituto de Capacitaci\u00f3n Policial, en San Sebasti\u00e1n, Etla, el que el mandatario agradeci\u00f3 a las y los elementos de seguridad por su dedicaci\u00f3n y compromiso al servicio del pueblo oaxaque\u00f1o, toda vez que esto, ha permitido que Oaxaca est\u00e9 considerada dentro de las 10 entidades m\u00e1s seguras del pa\u00eds.<\/p>\n\n\n\n<p>\u00abHoy tenemos un estado en paz, porque hay gobernabilidad. Quiero agradecer a todas las fuerzas de seguridad del estado.\u00a0 Si hoy Oaxaca ha logrado esos objetivos, es por este equipo; agradezco a las fuerzas de seguridad que me han acompa\u00f1ado hoy, y que han acompa\u00f1ado siempre al pueblo de Oaxaca\u201d, dijo en su mensaje.<\/p>\n\n\n\n<figure class=\"wp-block-embed is-type-rich is-provider-twitter wp-block-embed-twitter\"><div class=\"wp-block-embed__wrapper\">\n<div class=\"twitter-tweet\"><blockquote class=\"twitter-tweet\" data-lang=\"es\"><p lang=\"es\" dir=\"ltr\"><a href=\"https:\/\/twitter.com\/hashtag\/%C3%9AltimoMinuto?src=hash&amp;ref_src=twsrc%5Etfw\">#\u00daltimoMinuto<\/a><br>En instalaciones de la Academia de Profesionalizaci\u00f3n de la Polic\u00eda, San Sebasti\u00e1n, Etla, se realiz\u00f3 hoy la ceremonia de graduaci\u00f3n de otra generaci\u00f3n de la Unidad Policial de Operaciones Especiales, acto que encabez\u00f3 el gobernador <a href=\"https:\/\/twitter.com\/alejandromurat?ref_src=twsrc%5Etfw\">@alejandromurat<\/a>.<br>Video: Cortes\u00eda <a href=\"https:\/\/t.co\/DEhryGZWE9\">pic.twitter.com\/DEhryGZWE9<\/a><\/p>&mdash; Zona Roja Oaxaca (@ZonaRoja_Oaxaca) <a href=\"https:\/\/twitter.com\/ZonaRoja_Oaxaca\/status\/1561776963378880515?ref_src=twsrc%5Etfw\">22 de agosto de 2022<\/a><\/blockquote><\/div>\n<\/div><\/figure>\n\n\n\n<p>\u201cBasta ver la situaci\u00f3n de violencia que han vivido otros estados, aqu\u00ed en Oaxaca tenemos eventos y turismo, en otras partes del pa\u00eds est\u00e1n quemando los negocios y las carreteras. En mucho tiene que ver por las personas, por ello mi reconocimiento y agradecimiento a todas las fuerzas por la labor y compromiso que tienen todos los d\u00edas\u201d, destac\u00f3.<\/p>\n\n\n\n<p>En el acto, el titular del Centro Nacional de Certificaci\u00f3n y Acreditaci\u00f3n, Francisco Medina Padilla, entreg\u00f3 al gobernador de la Constancia de acreditaci\u00f3n al Centro Estatal de Evaluaci\u00f3n y Control de Confianza.<\/p>\n\n\n\n<p>En el acto estuvo presente la secretaria de Seguridad P\u00fablica de Oaxaca, Dalia Ba\u00f1os Noyola, quien puntualiz\u00f3 que a lo largo de la presente administraci\u00f3n esta dependencia s\u00f3lo ha tenido cuatro recomendaciones por parte de los Derechos Humanos, lo que habla del apego irrestricto en garantizar las libertades de las y los oaxaque\u00f1os.<\/p>\n\n\n\n<p>\u201cLa Polic\u00eda Estatal de Oaxaca, es considerada una de las siete instituciones policiales del pa\u00eds con mayor confianza ciudadana. En la seguridad p\u00fablica que el gobierno de Oaxaca ha construido descansa la confianza de los inversionistas, creaci\u00f3n de empleos, crecimiento tur\u00edstico, combate a la pobreza y el desarrollo econ\u00f3mico\u201d, dijo.<\/p>\n\n\n\n<p>Ante familiares de los 25 elementos -23 hombres y dos mujeres- de la UPOE, el gobernador y el Secretario Ejecutivo del SESPO, entregaron las insignias y boinas que distingue a esta Unidad como Grupo \u00c9lite Especializado para realizar labores de Intervenci\u00f3n y Reacci\u00f3n Inmediata. Asimismo, les entregaron de manera simb\u00f3lica equipo t\u00e1ctico especializado.<\/p>\n\n\n\n<p>Por otra parte, con una inversi\u00f3n de 2.1 millones de pesos, el gobernador Alejandro Murat Hinojosa inaugur\u00f3 el campo de tiro abierto y el cuarto de armas del Instituto de Profesionalizaci\u00f3n Policial, garantizando con ello mejor capacitaci\u00f3n a las y los elementos, adem\u00e1s de garantizar el cuidado y buen manejo del armamento que utilizan las Corporaciones de Seguridad.<\/p>\n","protected":false},"excerpt":{"rendered":"<p>Redacci\u00f3n\/Zona Roja. Oaxaca de Ju\u00e1rez, Oax., a 22 de agosto de 2022.- La certificaci\u00f3n de&hellip;<\/p>\n","protected":false},"author":2,"featured_media":44932,"comment_status":"closed","ping_status":"open","sticky":false,"template":"","format":"standard","meta":{"_lmt_disableupdate":"","_lmt_disable":"","_jetpack_memberships_contains_paid_content":false,"footnotes":""},"categories":[109,46],"tags":[173],"class_list":["post-44931","post","type-post","status-publish","format-standard","has-post-thumbnail","hentry","category-minuto-a-minuto","category-zona-blanca","tag-alejandro-murat-hinojosa"],"jetpack_featured_media_url":"https:\/\/zonaroja.com.mx\/wp-content\/uploads\/2022\/08\/Polcia-Estatal-y-gobernador.jpg","jetpack_sharing_enabled":true,"_links":{"self":[{"href":"https:\/\/zonaroja.com.mx\/index.php?rest_route=\/wp\/v2\/posts\/44931","targetHints":{"allow":["GET"]}}],"collection":[{"href":"https:\/\/zonaroja.com.mx\/index.php?rest_route=\/wp\/v2\/posts"}],"about":[{"href":"https:\/\/zonaroja.com.mx\/index.php?rest_route=\/wp\/v2\/types\/post"}],"author":[{"embeddable":true,"href":"https:\/\/zonaroja.com.mx\/index.php?rest_route=\/wp\/v2\/users\/2"}],"replies":[{"embeddable":true,"href":"https:\/\/zonaroja.com.mx\/index.php?rest_route=%2Fwp%2Fv2%2Fcomments&post=44931"}],"version-history":[{"count":1,"href":"https:\/\/zonaroja.com.mx\/index.php?rest_route=\/wp\/v2\/posts\/44931\/revisions"}],"predecessor-version":[{"id":44933,"href":"https:\/\/zonaroja.com.mx\/index.php?rest_route=\/wp\/v2\/posts\/44931\/revisions\/44933"}],"wp:featuredmedia":[{"embeddable":true,"href":"https:\/\/zonaroja.com.mx\/index.php?rest_route=\/wp\/v2\/media\/44932"}],"wp:attachment":[{"href":"https:\/\/zonaroja.com.mx\/index.php?rest_route=%2Fwp%2Fv2%2Fmedia&parent=44931"}],"wp:term":[{"taxonomy":"category","embeddable":true,"href":"https:\/\/zonaroja.com.mx\/index.php?rest_route=%2Fwp%2Fv2%2Fcategories&post=44931"},{"taxonomy":"post_tag","embeddable":true,"href":"https:\/\/zonaroja.com.mx\/index.php?rest_route=%2Fwp%2Fv2%2Ftags&post=44931"}],"curies":[{"name":"wp","href":"https:\/\/api.w.org\/{rel}","templated":true}]}}