{"id":44937,"date":"2022-08-22T21:46:46","date_gmt":"2022-08-23T02:46:46","guid":{"rendered":"http:\/\/www.zonaroja.com.mx\/?p=44937"},"modified":"2022-08-22T21:46:46","modified_gmt":"2022-08-23T02:46:46","slug":"no-habra-impunidad-en-caso-maria-elena-rios-y-abigail-fiscal-de-oaxaca","status":"publish","type":"post","link":"https:\/\/zonaroja.com.mx\/?p=44937","title":{"rendered":"No habr\u00e1 impunidad en caso Mar\u00eda Elena R\u00edos y Abigail: fiscal de Oaxaca"},"content":{"rendered":"\n<p>Yuridiana Sosa\/Zona Roja. Foto: Cortes\u00eda<\/p>\n\n\n\n<p>Oaxaca de Ju\u00e1rez, Oax., 22 de agosto de 2022.- Las investigaciones de los casos de tentativa de feminicidio de Mar\u00eda Elena R\u00edos y la muerte de Abigail Hay Urrutia, mientras se encontraba detenida, se realizan de forma minuciosa para que no haya impunidad, se\u00f1al\u00f3 el fiscal General del estado, Arturo Peimbert Calvo.<\/p>\n\n\n\n<p>El titular de la Fiscal\u00eda de Oaxaca se\u00f1al\u00f3 en entrevista colectiva que la ley se aplicar\u00e1 de forma estricta, en lo que respecta a las facultades de este organismo.<\/p>\n\n\n\n<p>Sobre el caso m\u00e1s reciente del presunto suicidio de Abigail en los separos municipales de Salina Cruz el pasado 19 de agosto, Peimbert Calvo apunt\u00f3 que se estudian varias l\u00edneas, elementos y circunstancias que tienen que ver con el caso.<\/p>\n\n\n\n<p>En Salina Cruz -donde ocurri\u00f3 el delito de Abigail-, como en otros municipios, se carece de protocolos para el resguardo de las personas, lo cual no s\u00f3lo representan violaciones a los derechos humanos, tambi\u00e9n pueden constituir en faltas que deriven en un delito, mencion\u00f3.<\/p>\n\n\n\n<p>Peimbert Calvo asegur\u00f3 que en pr\u00f3ximas horas se resolver\u00e1 la situaci\u00f3n jur\u00eddica sobre este caso; el que podr\u00eda resultar en un feminicidio como se\u00f1ala la familia de la joven madre de 30 a\u00f1os.<\/p>\n\n\n\n<figure class=\"wp-block-embed is-type-rich is-provider-twitter wp-block-embed-twitter\"><div class=\"wp-block-embed__wrapper\">\n<div class=\"twitter-tweet\"><blockquote class=\"twitter-tweet\" data-lang=\"es\"><p lang=\"es\" dir=\"ltr\"><a href=\"https:\/\/twitter.com\/hashtag\/%C3%9AltimoMinuto?src=hash&amp;ref_src=twsrc%5Etfw\">#\u00daltimoMinuto<\/a><br>Entrevistado previo a un acto p\u00fablico en San Sebasti\u00e1n, Etla, el titular de la <a href=\"https:\/\/twitter.com\/FISCALIA_GobOax?ref_src=twsrc%5Etfw\">@FISCALIA_GobOax<\/a>, <a href=\"https:\/\/twitter.com\/PeimbertArturo?ref_src=twsrc%5Etfw\">@PeimbertArturo<\/a>, habl\u00f3 sobre la muerte de Abigail en separos de Salina Cruz y dijo que las indagatorias contin\u00faan a fin de deslindar responsabilidades.<br>Video: Cortes\u00eda. <a href=\"https:\/\/t.co\/Yma3St0zGt\">pic.twitter.com\/Yma3St0zGt<\/a><\/p>&mdash; Zona Roja Oaxaca (@ZonaRoja_Oaxaca) <a href=\"https:\/\/twitter.com\/ZonaRoja_Oaxaca\/status\/1561750300549124096?ref_src=twsrc%5Etfw\">22 de agosto de 2022<\/a><\/blockquote><\/div>\n<\/div><\/figure>\n\n\n\n<p>C\u00d3MPLICES EN CASO MAR\u00cdA ELENA<\/p>\n\n\n\n<p>Respecto al caso de la agresi\u00f3n con \u00e1cido de la saxofonista Mar\u00eda Elena R\u00edos, el fiscal de Oaxaca dijo que las investigaciones contin\u00faan y en las que recientemente tambi\u00e9n se contemplan indagatorias a probables c\u00f3mplices para la protecci\u00f3n del presunto autor intelectual que sigue en libertad.<\/p>\n\n\n\n<p>Asever\u00f3 que la dificultad para llevar a cabo la detenci\u00f3n de Juan Antonio Vera Hern\u00e1ndez deriva en las importantes capacidades econ\u00f3micas del implicado, las cuales le facilitan su fuga.<\/p>\n\n\n\n<p>En ese sentido, dijo que no descartan la complicidad y protecci\u00f3n de diferentes personas, mismas que pueden ser desde el orden p\u00fablico hasta civil.<\/p>\n\n\n\n<p>Motivo por el cual las investigaciones de este caso tambi\u00e9n se dirigen a esas personas que dificultan la aplicaci\u00f3n de la ley y quienes al mismo tiempo incurren en un delito igual de grave, como el de los autores.<\/p>\n","protected":false},"excerpt":{"rendered":"<p>Yuridiana Sosa\/Zona Roja. Foto: Cortes\u00eda Oaxaca de Ju\u00e1rez, Oax., 22 de agosto de 2022.- Las&hellip;<\/p>\n","protected":false},"author":2,"featured_media":44934,"comment_status":"closed","ping_status":"open","sticky":false,"template":"","format":"standard","meta":{"_lmt_disableupdate":"","_lmt_disable":"","_jetpack_memberships_contains_paid_content":false,"footnotes":""},"categories":[109,46],"tags":[2532],"class_list":["post-44937","post","type-post","status-publish","format-standard","has-post-thumbnail","hentry","category-minuto-a-minuto","category-zona-blanca","tag-arturo-peimbert-calvo"],"jetpack_featured_media_url":"https:\/\/zonaroja.com.mx\/wp-content\/uploads\/2022\/08\/Arturo-Peimbert-Calvo.jpg","jetpack_sharing_enabled":true,"_links":{"self":[{"href":"https:\/\/zonaroja.com.mx\/index.php?rest_route=\/wp\/v2\/posts\/44937","targetHints":{"allow":["GET"]}}],"collection":[{"href":"https:\/\/zonaroja.com.mx\/index.php?rest_route=\/wp\/v2\/posts"}],"about":[{"href":"https:\/\/zonaroja.com.mx\/index.php?rest_route=\/wp\/v2\/types\/post"}],"author":[{"embeddable":true,"href":"https:\/\/zonaroja.com.mx\/index.php?rest_route=\/wp\/v2\/users\/2"}],"replies":[{"embeddable":true,"href":"https:\/\/zonaroja.com.mx\/index.php?rest_route=%2Fwp%2Fv2%2Fcomments&post=44937"}],"version-history":[{"count":1,"href":"https:\/\/zonaroja.com.mx\/index.php?rest_route=\/wp\/v2\/posts\/44937\/revisions"}],"predecessor-version":[{"id":44938,"href":"https:\/\/zonaroja.com.mx\/index.php?rest_route=\/wp\/v2\/posts\/44937\/revisions\/44938"}],"wp:featuredmedia":[{"embeddable":true,"href":"https:\/\/zonaroja.com.mx\/index.php?rest_route=\/wp\/v2\/media\/44934"}],"wp:attachment":[{"href":"https:\/\/zonaroja.com.mx\/index.php?rest_route=%2Fwp%2Fv2%2Fmedia&parent=44937"}],"wp:term":[{"taxonomy":"category","embeddable":true,"href":"https:\/\/zonaroja.com.mx\/index.php?rest_route=%2Fwp%2Fv2%2Fcategories&post=44937"},{"taxonomy":"post_tag","embeddable":true,"href":"https:\/\/zonaroja.com.mx\/index.php?rest_route=%2Fwp%2Fv2%2Ftags&post=44937"}],"curies":[{"name":"wp","href":"https:\/\/api.w.org\/{rel}","templated":true}]}}