{"id":4494,"date":"2019-10-02T16:06:19","date_gmt":"2019-10-02T21:06:19","guid":{"rendered":"https:\/\/www.zonaroja.com.mx\/?p=4494"},"modified":"2019-10-02T16:06:21","modified_gmt":"2019-10-02T21:06:21","slug":"sin-avances-en-investigacion-se-cumplen-16-meses-del-asesinato-de-fotoperiodista-en-oaxaca","status":"publish","type":"post","link":"https:\/\/zonaroja.com.mx\/?p=4494","title":{"rendered":"Sin avances en investigaci\u00f3n, se cumplen 16 meses del asesinato de fotoperiodista en Oaxaca"},"content":{"rendered":"\n<p>Evlin Arag\u00f3n\/Zona Roja.&nbsp;<\/p>\n\n\n\n<p>Oaxaca de Ju\u00e1rez, Oax., 2 de octubre de 2019.-&nbsp;\u201c2 de octubre, hoy se cumplen 16 meses de tu ausencia f\u00edsica. T\u00fa, Mar\u00eda del Sol, sigues en nuestros corazones y seguiremos exigiendo #JusticiaParaSol\u201d, es el primer mensaje que este mi\u00e9rcoles public\u00f3 en sus redes sociales la periodista Soledad Jarqu\u00edn Edgar.&nbsp;<\/p>\n\n\n\n<p>Pese a que han transcurrido 16 meses de aquel 2 de junio del 2018 en que le arrebataron la vida a su hija Mar\u00eda del Sol Cruz Jarqu\u00edn, nada ha cambiado; ning\u00fan avance en la investigaci\u00f3n ha sido anunciado por parte de las autoridades de procuraci\u00f3n de justicia en el estado, encabezadas por Rub\u00e9n Vasconcelos M\u00e9ndez.<\/p>\n\n\n\n<p>Lo \u00fanico constante es la exigencia de justicia permanente por parte de la familia de la joven y cientos de personas que se han pronunciando en Oaxaca y otras partes del mundo en incontables ocasiones para exigir castigo a los responsables del feminicidio.<\/p>\n\n\n\n<p>Al respecto, el gobernador de Oaxaca, Alejandro Murat Hinojosa a\u00fan tiene pendiente sancionar a su ex funcionario Francisco Montero L\u00f3pez, quien fuera titular de la Secretar\u00eda de Asuntos Ind\u00edgenas (SAI) y responsable de que la joven fot\u00f3grafa estuviera en la regi\u00f3n del Istmo, al comisionarla para cubrir la campa\u00f1a pol\u00edtica de su hermano y actual regidor de Energ\u00eda Renovable de Juchit\u00e1n, Hageo Montero.<\/p>\n\n\n\n<p>Ello pese a la resoluci\u00f3n de Tribunal Electoral del Poder Judicial de la Federaci\u00f3n que reconoci\u00f3 la existencia de un delito y determin\u00f3 que el funcionario deb\u00eda ser sancionado por el Ejecutivo estatal.<\/p>\n\n\n\n<p>\u201cLa carpeta de investigaci\u00f3n en torno al delito electoral tengo entendido que estaba lista desde agosto, pero hasta este momento no ha sido vinculada inexplicablemente, lo cual quiere decir que hay un gran hueco&nbsp;de impunidad para quienes est\u00e1n se\u00f1alados como presuntos responsables de haber mandado asesinar a Pamela Ter\u00e1n, a mi hija y al ch\u00f3fer\u201d, dijo recientemente en una entrevista Soledad Jarqu\u00edn.<\/p>\n\n\n\n<p>En lo que va de la administraci\u00f3n de Murat Hinojosa, la cifra de feminicidios en Oaxaca no ha hecho m\u00e1s que avanzar sin control, a la fecha se registran 351 casos, 136 desde que se declar\u00f3 la Alerta de Violencia de G\u00e9nero en 40 municipios ubicados en la entidad.<br class=\"Apple-interchange-newline\" \/><\/p>\n\n\n\n<p><\/p>\n","protected":false},"excerpt":{"rendered":"<p>Evlin Arag\u00f3n\/Zona Roja.&nbsp; Oaxaca de Ju\u00e1rez, Oax., 2 de octubre de 2019.-&nbsp;\u201c2 de octubre, hoy&hellip;<\/p>\n","protected":false},"author":2,"featured_media":1565,"comment_status":"closed","ping_status":"open","sticky":false,"template":"","format":"standard","meta":{"_lmt_disableupdate":"","_lmt_disable":"","_jetpack_memberships_contains_paid_content":false,"footnotes":""},"categories":[1],"tags":[],"class_list":["post-4494","post","type-post","status-publish","format-standard","has-post-thumbnail","hentry","category-sin-categoria"],"jetpack_featured_media_url":"https:\/\/zonaroja.com.mx\/wp-content\/uploads\/2019\/06\/20190608_210909.jpg","jetpack_sharing_enabled":true,"_links":{"self":[{"href":"https:\/\/zonaroja.com.mx\/index.php?rest_route=\/wp\/v2\/posts\/4494","targetHints":{"allow":["GET"]}}],"collection":[{"href":"https:\/\/zonaroja.com.mx\/index.php?rest_route=\/wp\/v2\/posts"}],"about":[{"href":"https:\/\/zonaroja.com.mx\/index.php?rest_route=\/wp\/v2\/types\/post"}],"author":[{"embeddable":true,"href":"https:\/\/zonaroja.com.mx\/index.php?rest_route=\/wp\/v2\/users\/2"}],"replies":[{"embeddable":true,"href":"https:\/\/zonaroja.com.mx\/index.php?rest_route=%2Fwp%2Fv2%2Fcomments&post=4494"}],"version-history":[{"count":1,"href":"https:\/\/zonaroja.com.mx\/index.php?rest_route=\/wp\/v2\/posts\/4494\/revisions"}],"predecessor-version":[{"id":4495,"href":"https:\/\/zonaroja.com.mx\/index.php?rest_route=\/wp\/v2\/posts\/4494\/revisions\/4495"}],"wp:featuredmedia":[{"embeddable":true,"href":"https:\/\/zonaroja.com.mx\/index.php?rest_route=\/wp\/v2\/media\/1565"}],"wp:attachment":[{"href":"https:\/\/zonaroja.com.mx\/index.php?rest_route=%2Fwp%2Fv2%2Fmedia&parent=4494"}],"wp:term":[{"taxonomy":"category","embeddable":true,"href":"https:\/\/zonaroja.com.mx\/index.php?rest_route=%2Fwp%2Fv2%2Fcategories&post=4494"},{"taxonomy":"post_tag","embeddable":true,"href":"https:\/\/zonaroja.com.mx\/index.php?rest_route=%2Fwp%2Fv2%2Ftags&post=4494"}],"curies":[{"name":"wp","href":"https:\/\/api.w.org\/{rel}","templated":true}]}}