{"id":44941,"date":"2022-08-23T06:44:03","date_gmt":"2022-08-23T11:44:03","guid":{"rendered":"http:\/\/www.zonaroja.com.mx\/?p=44941"},"modified":"2022-08-23T06:44:04","modified_gmt":"2022-08-23T11:44:04","slug":"ademas-de-veraz-confiable-y-oportuna-informacion-gubernamental-debe-ser-accesible","status":"publish","type":"post","link":"https:\/\/zonaroja.com.mx\/?p=44941","title":{"rendered":"Adem\u00e1s de veraz, confiable y oportuna, informaci\u00f3n gubernamental debe ser accesible"},"content":{"rendered":"\n<p>Redacci\u00f3n\/Zona Roja.<\/p>\n\n\n\n<p>Oaxaca de Ju\u00e1rez, Oax., a 23 de agosto de 2022.- La consejera presidenta del Instituto Estatal Electoral y de Participaci\u00f3n Ciudadana de Oaxaca (IEEPCO), Elizabeth S\u00e1nchez Gonz\u00e1lez, asegur\u00f3 que el acceso a la informaci\u00f3n es un derecho humano de todas las personas, mismo que permite la evaluaci\u00f3n del desempe\u00f1o de los gobiernos y sus instituciones.<\/p>\n\n\n\n<p>Por ello y para garantizar este derecho, S\u00e1nchez Gonz\u00e1lez detall\u00f3 que la informaci\u00f3n gubernamental adem\u00e1s de ser veraz, confiable y oportuna, debe ser accesible para todas las personas que deseen consultarla, incluidas aquellas que tienen alguna discapacidad.<\/p>\n\n\n\n<p>Lo anterior durante su participaci\u00f3n en el encuentro para promover la adopci\u00f3n de Criterios de Accesibilidad para el ejercicio del acceso a la informaci\u00f3n, protecci\u00f3n de datos personales y el uso de lenguaje incluyente y no sexista, organizado por el \u00d3rgano Garante de Acceso a la Informaci\u00f3n P\u00fablica, Transparencia, Protecci\u00f3n de Datos Personales (OGAIPO).<\/p>\n\n\n\n<p>S\u00e1nchez Gonz\u00e1lez puntualiz\u00f3 que, seg\u00fan la Convenci\u00f3n Sobre los Derechos de las Personas con Discapacidad de las Naciones Unidas, la comunicaci\u00f3n de la informaci\u00f3n p\u00fablica debe ser en formatos accesibles y con las tecnolog\u00edas adecuadas que permitan la visualizaci\u00f3n de textos, los sistemas auditivos, el lenguaje sencillo, los medios de voz digitalizada y otros medios alternativos de comunicaci\u00f3n.<\/p>\n\n\n\n<p>En consecuencia, celebr\u00f3 la creaci\u00f3n de la herramienta Integra2, la cual permitir\u00e1 que personas con discapacidad visual, neurol\u00f3gica y motriz, puedan acceder a la informaci\u00f3n publicada en las p\u00e1ginas institucionales de los organismos que decidan adoptar dicha herramienta.<\/p>\n\n\n\n<p>Dicha herramienta ha sido incorporada en el portal del IEEPCO, misma que ayudar\u00e1 a garantizar que la informaci\u00f3n alojada ah\u00ed sea accesible para las personas con alguna discapacidad visual, cognitiva o de motricidad.<\/p>\n\n\n\n<p>\u201cQueda un tramo importante por construir para saldar la deuda de accesibilidad que todav\u00eda hoy tenemos con las personas que viven con alguna discapacidad, sin embargo, reconozco el empe\u00f1o individual y colectivo que nos tiene hoy aqu\u00ed. La empat\u00eda nos permitir\u00e1 lograr que todas y todos podamos vivir con libertad, seguridad y dignidad\u201d, enfatiz\u00f3 S\u00e1nchez Gonz\u00e1lez.<\/p>\n\n\n\n<p>Cabe se\u00f1alar que la implementaci\u00f3n de Integra2 en su portal web le vali\u00f3 al \u00f3rgano electoral un reconocimiento por parte del OGAIPO, a trav\u00e9s del comisionado presidente Jos\u00e9 Luis Echeverr\u00eda, quien destac\u00f3 que el Instituto es uno de los primeros sujetos obligados en poner en pr\u00e1ctica dicha herramienta.<\/p>\n\n\n\n<p>Durante el evento estuvo presente la Comisionada Patricia Ord\u00f3\u00f1ez Le\u00f3n, Coordinadora de la Comisi\u00f3n de Derechos Humanos, Equidad de G\u00e9nero e Inclusi\u00f3n Social del Sistema Nacional de Transparencia; la comisionada del Instituto Nacional de Transparencia, Acceso a la Informaci\u00f3n y Protecci\u00f3n de Datos Personales, Norma Julieta Del R\u00edo Venegas; entre otras personalidades.<\/p>\n","protected":false},"excerpt":{"rendered":"<p>Redacci\u00f3n\/Zona Roja. Oaxaca de Ju\u00e1rez, Oax., a 23 de agosto de 2022.- La consejera presidenta&hellip;<\/p>\n","protected":false},"author":2,"featured_media":44942,"comment_status":"closed","ping_status":"open","sticky":false,"template":"","format":"standard","meta":{"_lmt_disableupdate":"","_lmt_disable":"","_jetpack_memberships_contains_paid_content":false,"footnotes":""},"categories":[109,46],"tags":[2932],"class_list":["post-44941","post","type-post","status-publish","format-standard","has-post-thumbnail","hentry","category-minuto-a-minuto","category-zona-blanca","tag-instituto-estatal-electoral-y-de-participacion-ciudadana-de-oaxaca-ieepco"],"jetpack_featured_media_url":"https:\/\/zonaroja.com.mx\/wp-content\/uploads\/2022\/08\/IEEPCO-foro-OGAIPC.jpeg","jetpack_sharing_enabled":true,"_links":{"self":[{"href":"https:\/\/zonaroja.com.mx\/index.php?rest_route=\/wp\/v2\/posts\/44941","targetHints":{"allow":["GET"]}}],"collection":[{"href":"https:\/\/zonaroja.com.mx\/index.php?rest_route=\/wp\/v2\/posts"}],"about":[{"href":"https:\/\/zonaroja.com.mx\/index.php?rest_route=\/wp\/v2\/types\/post"}],"author":[{"embeddable":true,"href":"https:\/\/zonaroja.com.mx\/index.php?rest_route=\/wp\/v2\/users\/2"}],"replies":[{"embeddable":true,"href":"https:\/\/zonaroja.com.mx\/index.php?rest_route=%2Fwp%2Fv2%2Fcomments&post=44941"}],"version-history":[{"count":1,"href":"https:\/\/zonaroja.com.mx\/index.php?rest_route=\/wp\/v2\/posts\/44941\/revisions"}],"predecessor-version":[{"id":44943,"href":"https:\/\/zonaroja.com.mx\/index.php?rest_route=\/wp\/v2\/posts\/44941\/revisions\/44943"}],"wp:featuredmedia":[{"embeddable":true,"href":"https:\/\/zonaroja.com.mx\/index.php?rest_route=\/wp\/v2\/media\/44942"}],"wp:attachment":[{"href":"https:\/\/zonaroja.com.mx\/index.php?rest_route=%2Fwp%2Fv2%2Fmedia&parent=44941"}],"wp:term":[{"taxonomy":"category","embeddable":true,"href":"https:\/\/zonaroja.com.mx\/index.php?rest_route=%2Fwp%2Fv2%2Fcategories&post=44941"},{"taxonomy":"post_tag","embeddable":true,"href":"https:\/\/zonaroja.com.mx\/index.php?rest_route=%2Fwp%2Fv2%2Ftags&post=44941"}],"curies":[{"name":"wp","href":"https:\/\/api.w.org\/{rel}","templated":true}]}}