{"id":44944,"date":"2022-08-23T08:56:00","date_gmt":"2022-08-23T13:56:00","guid":{"rendered":"http:\/\/www.zonaroja.com.mx\/?p=44944"},"modified":"2022-08-23T07:00:10","modified_gmt":"2022-08-23T12:00:10","slug":"vinculan-a-proceso-a-cinco-presuntos-integrantes-de-grupo-delictivo","status":"publish","type":"post","link":"https:\/\/zonaroja.com.mx\/?p=44944","title":{"rendered":"Vinculan a proceso a cinco presuntos integrantes de grupo delictivo"},"content":{"rendered":"\n<p>Redacci\u00f3n\/Zona Roja.<\/p>\n\n\n\n<p>Oaxaca de Ju\u00e1rez, Oax., a 23 de agosto de 2022.- Cinco integrantes de un presunto grupo del crimen organizado fueron vinculados a proceso, tras su detenci\u00f3n en la regi\u00f3n del Istmo de Tehuantepec.<\/p>\n\n\n\n<p>Seg\u00fan inform\u00f3 la Fiscal\u00eda General de la Rep\u00fablica (FGR) con sede en Oaxaca, est\u00e1n acusados de asociaci\u00f3n delictuosa y portaci\u00f3n de amas de fuego y cartuchos, de uso exclusivo de las fuerzas armadas del pa\u00eds.&nbsp;<\/p>\n\n\n\n<p>As\u00ed como delitos contra la salud, en la modalidad de posesi\u00f3n de metanfetamina y marihuana con fines de comercio; y uso indebido de insignias oficiales sin el permiso correspondiente.<\/p>\n\n\n\n<p>En un comunicado, detall\u00f3 que, de acuerdo con la Carpeta de Investigaci\u00f3n, los hechos ocurrieron el pasado&nbsp;el 13 de agosto de 2022, cuando elementos de la Agencia Estatal de Investigaci\u00f3n en coordinaci\u00f3n con la Polic\u00eda Estatal, al realizar recorridos y actos de investigaci\u00f3n referente a hechos del fuero com\u00fan, sobre la carretera de terracer\u00eda local que va de la poblaci\u00f3n de Rinc\u00f3n Vaquero a la Poblaci\u00f3n de Estaci\u00f3n Almoloya, en jurisdicci\u00f3n de Estaci\u00f3n Almoloya, Barrio de La Soledad, observaron que&nbsp;una camioneta tra\u00eda en el parabrisas un objeto o accesorio denominado luces tipo c\u00f3digos, el cual ven\u00eda encendido y atr\u00e1s de ella ven\u00edan otras&nbsp;dos&nbsp;camionetas.<\/p>\n\n\n\n<p>Al notar la presencia policial,&nbsp;frenaron&nbsp;de manera intempestiva,&nbsp;por lo&nbsp;que los polic\u00edas se emparejaron&nbsp;y observaron&nbsp;que tra\u00edan un chaleco t\u00e1ctico color negro con la leyenda \u201cMarina\u201d y casco t\u00e1ctico, as\u00ed como otro chaleco negro con la leyenda \u201cAEI\u201d&nbsp;y&nbsp;se identificaron como agentes Estatales de Investigaci\u00f3n.<\/p>\n\n\n\n<p>Al cuestionarlos sobre las tareas que estaban realizando, observaron&nbsp;que en el interior de los veh\u00edculos tra\u00edan armas de fuego largas, por lo que al solicitar que se identificaron los cinco detenidos dijeron no pertenecer a ninguna corporaci\u00f3n ni contar con permiso para portar armas,&nbsp;por lo que quedaron detenidos.<\/p>\n\n\n\n<p>Adem\u00e1s, les aseguraron tres camionetas, cuatro armas de fuego largas, un&nbsp;arma de fuego corta,&nbsp;18 cargadores para arma de fuego&nbsp;de&nbsp;diferentes calibres,169 cartuchos para arma larga y once cartuchos calibre 9mm,&nbsp;una bolsa y 22 bolsitas&nbsp;que conten\u00edan metanfetamina,&nbsp;tres bolsas con marihuana; seis chalecos t\u00e1cticos,&nbsp;un juego de placas met\u00e1licas,&nbsp;cinco tel\u00e9fonos celulares; luces estrobosc\u00f3picas y dos radios port\u00e1tiles de comunicaci\u00f3n.<\/p>\n\n\n\n<p>Los imputados&nbsp;fueron&nbsp;puestos&nbsp;a disposici\u00f3n del Ministerio P\u00fablico de la Federaci\u00f3n&nbsp;(MPF), quien recab\u00f3&nbsp;los datos de prueba&nbsp;necesarios para solicitar audiencia inicial en su contra&nbsp;ante el Juez de Control del Centro de Justicia Penal Federal,&nbsp;quien&nbsp;dict\u00f3&nbsp;auto de vinculaci\u00f3n a proceso por&nbsp;los&nbsp;delitos&nbsp;en menci\u00f3n&nbsp;y les impuso&nbsp;la medida cautelar de prisi\u00f3n&nbsp;oficiosa&nbsp;en el Cefereso 13, Oaxaca. Se estableci\u00f3 un plazo&nbsp;dedos meses&nbsp;para el cierre de la investigaci\u00f3n complementaria.<\/p>\n","protected":false},"excerpt":{"rendered":"<p>Redacci\u00f3n\/Zona Roja. Oaxaca de Ju\u00e1rez, Oax., a 23 de agosto de 2022.- Cinco integrantes de&hellip;<\/p>\n","protected":false},"author":2,"featured_media":44608,"comment_status":"closed","ping_status":"open","sticky":false,"template":"","format":"standard","meta":{"_lmt_disableupdate":"","_lmt_disable":"","_jetpack_memberships_contains_paid_content":false,"footnotes":""},"categories":[109,46],"tags":[],"class_list":["post-44944","post","type-post","status-publish","format-standard","has-post-thumbnail","hentry","category-minuto-a-minuto","category-zona-blanca"],"jetpack_featured_media_url":"https:\/\/zonaroja.com.mx\/wp-content\/uploads\/2022\/08\/edb4b44e-6746-443a-9cf5-5b769528af77.jpg","jetpack_sharing_enabled":true,"_links":{"self":[{"href":"https:\/\/zonaroja.com.mx\/index.php?rest_route=\/wp\/v2\/posts\/44944","targetHints":{"allow":["GET"]}}],"collection":[{"href":"https:\/\/zonaroja.com.mx\/index.php?rest_route=\/wp\/v2\/posts"}],"about":[{"href":"https:\/\/zonaroja.com.mx\/index.php?rest_route=\/wp\/v2\/types\/post"}],"author":[{"embeddable":true,"href":"https:\/\/zonaroja.com.mx\/index.php?rest_route=\/wp\/v2\/users\/2"}],"replies":[{"embeddable":true,"href":"https:\/\/zonaroja.com.mx\/index.php?rest_route=%2Fwp%2Fv2%2Fcomments&post=44944"}],"version-history":[{"count":1,"href":"https:\/\/zonaroja.com.mx\/index.php?rest_route=\/wp\/v2\/posts\/44944\/revisions"}],"predecessor-version":[{"id":44945,"href":"https:\/\/zonaroja.com.mx\/index.php?rest_route=\/wp\/v2\/posts\/44944\/revisions\/44945"}],"wp:featuredmedia":[{"embeddable":true,"href":"https:\/\/zonaroja.com.mx\/index.php?rest_route=\/wp\/v2\/media\/44608"}],"wp:attachment":[{"href":"https:\/\/zonaroja.com.mx\/index.php?rest_route=%2Fwp%2Fv2%2Fmedia&parent=44944"}],"wp:term":[{"taxonomy":"category","embeddable":true,"href":"https:\/\/zonaroja.com.mx\/index.php?rest_route=%2Fwp%2Fv2%2Fcategories&post=44944"},{"taxonomy":"post_tag","embeddable":true,"href":"https:\/\/zonaroja.com.mx\/index.php?rest_route=%2Fwp%2Fv2%2Ftags&post=44944"}],"curies":[{"name":"wp","href":"https:\/\/api.w.org\/{rel}","templated":true}]}}