{"id":44946,"date":"2022-08-23T07:25:21","date_gmt":"2022-08-23T12:25:21","guid":{"rendered":"http:\/\/www.zonaroja.com.mx\/?p=44946"},"modified":"2022-08-23T07:25:22","modified_gmt":"2022-08-23T12:25:22","slug":"en-ocho-meses-suman-15-periodistas-asesinados-en-mexico","status":"publish","type":"post","link":"https:\/\/zonaroja.com.mx\/?p=44946","title":{"rendered":"En ocho meses, suman 15 periodistas asesinados en M\u00e9xico"},"content":{"rendered":"\n<p>Redacci\u00f3n\/Zona Roja Cdmx.<\/p>\n\n\n\n<p>Ciudad de M\u00e9xico, a 23 de agosto de 2022.- Con el asesinato a balazos del periodista Fredid Rom\u00e1n en Chilpancingo, estado de Guerrero, suman 15 comunicadores asesinados en lo que va de este a\u00f1o en M\u00e9xico.<\/p>\n\n\n\n<p>La tarde del lunes fue ultimado a balazos quien era columnista para diversos medios del estado desde hace varios a\u00f1os, as\u00ed como director y editor del semanario \u2018La Realidad\u2019.<\/p>\n\n\n\n<p>El periodista sal\u00eda de su casa y subi\u00f3 a su auto Mazda color rojo, en prolongaci\u00f3n Valerio Trujano, en el centro de Chilpancingo, cuando fue agredido a balazos por personas desconocidas, quienes tras cometer el homicidio se retiraron del lugar sin que se conozca qu\u00e9 rumbo siguieron.<\/p>\n\n\n\n<p>El comunicador recibi\u00f3 varios impactos de bala en el cuello y el resto del cuerpo, por lo que perdi\u00f3 la vida pocos minutos despu\u00e9s de la agresi\u00f3n.<\/p>\n\n\n\n<p>Seg\u00fan el testimonio de testigos presenciales los agresores son dos personas que llegaron al lugar a bordo de una motocicleta, y tras cometer el homicidio se retiraron a toda velocidad sin que se sepa hasta este momento de qui\u00e9nes se trata o el m\u00f3vil de la agresi\u00f3n.<\/p>\n\n\n\n<p>IMPUNIDAD<\/p>\n\n\n\n<p>Durante el presente a\u00f1o han sido asesinados en M\u00e9xico 15 periodistas. El 10 de de enero en Veracruz fue ultimado Jos\u00e9 Luis Gamboa, el 17 de enero Margarito Mart\u00ednez en Baja California, Lourdes Maldonado el 23 de enero, en Michoac\u00e1n Roberto Toledo el 31 de enero, Jorge Luis Camero Zazuela en Sonora el 24 de febrero, Heber L\u00f3pez 10 de febrero en Oaxaca, Juan Carlos Mu\u00f1\u00edz el 4 de marzo en Zacatecas.<\/p>\n\n\n\n<p>Mientras que Armando Linares en Michoac\u00e1n fue asesinado el 15 de marzo, Luis Enrique Ram\u00edrez el 5 de mayo en Sinaloa, Yesenia Mollinedo Falconi el 9 de mayo en Veracruz, Sheila Johana Garc\u00eda Olvera el 9 de mayo en Veracruz, Antonio Cruz el 29 de junio en Tamaulipas, Ernesto M\u00e9ndez en Guanajuato el 3 de agosto, Juan Arj\u00f3n el 17 de agosto en Sonora y ahora Fredid Rom\u00e1n en Guerrero.<\/p>\n\n\n\n<p>(Informaci\u00f3n de \u201cEl Financiero\u201d)<\/p>\n","protected":false},"excerpt":{"rendered":"<p>Redacci\u00f3n\/Zona Roja Cdmx. Ciudad de M\u00e9xico, a 23 de agosto de 2022.- Con el asesinato&hellip;<\/p>\n","protected":false},"author":2,"featured_media":44948,"comment_status":"closed","ping_status":"open","sticky":false,"template":"","format":"standard","meta":{"_lmt_disableupdate":"","_lmt_disable":"","_jetpack_memberships_contains_paid_content":false,"footnotes":""},"categories":[109,47],"tags":[1016],"class_list":["post-44946","post","type-post","status-publish","format-standard","has-post-thumbnail","hentry","category-minuto-a-minuto","category-zona-gris","tag-asesinato-de-periodistas-en-mexico"],"jetpack_featured_media_url":"https:\/\/zonaroja.com.mx\/wp-content\/uploads\/2022\/08\/Fredid-Roman-periodista-Guerrero.jpg","jetpack_sharing_enabled":true,"_links":{"self":[{"href":"https:\/\/zonaroja.com.mx\/index.php?rest_route=\/wp\/v2\/posts\/44946","targetHints":{"allow":["GET"]}}],"collection":[{"href":"https:\/\/zonaroja.com.mx\/index.php?rest_route=\/wp\/v2\/posts"}],"about":[{"href":"https:\/\/zonaroja.com.mx\/index.php?rest_route=\/wp\/v2\/types\/post"}],"author":[{"embeddable":true,"href":"https:\/\/zonaroja.com.mx\/index.php?rest_route=\/wp\/v2\/users\/2"}],"replies":[{"embeddable":true,"href":"https:\/\/zonaroja.com.mx\/index.php?rest_route=%2Fwp%2Fv2%2Fcomments&post=44946"}],"version-history":[{"count":1,"href":"https:\/\/zonaroja.com.mx\/index.php?rest_route=\/wp\/v2\/posts\/44946\/revisions"}],"predecessor-version":[{"id":44949,"href":"https:\/\/zonaroja.com.mx\/index.php?rest_route=\/wp\/v2\/posts\/44946\/revisions\/44949"}],"wp:featuredmedia":[{"embeddable":true,"href":"https:\/\/zonaroja.com.mx\/index.php?rest_route=\/wp\/v2\/media\/44948"}],"wp:attachment":[{"href":"https:\/\/zonaroja.com.mx\/index.php?rest_route=%2Fwp%2Fv2%2Fmedia&parent=44946"}],"wp:term":[{"taxonomy":"category","embeddable":true,"href":"https:\/\/zonaroja.com.mx\/index.php?rest_route=%2Fwp%2Fv2%2Fcategories&post=44946"},{"taxonomy":"post_tag","embeddable":true,"href":"https:\/\/zonaroja.com.mx\/index.php?rest_route=%2Fwp%2Fv2%2Ftags&post=44946"}],"curies":[{"name":"wp","href":"https:\/\/api.w.org\/{rel}","templated":true}]}}