{"id":44955,"date":"2022-08-23T10:23:00","date_gmt":"2022-08-23T15:23:00","guid":{"rendered":"http:\/\/www.zonaroja.com.mx\/?p=44955"},"modified":"2022-08-23T08:25:12","modified_gmt":"2022-08-23T13:25:12","slug":"va-la-fger-por-29-mandos-militares-por-caso-ayotzinapa-pero-no-por-epn","status":"publish","type":"post","link":"https:\/\/zonaroja.com.mx\/?p=44955","title":{"rendered":"Va FGR por 29 mandos militares por caso Ayotzinapa\u2026 pero no por EPN"},"content":{"rendered":"\n<p>Redacci\u00f3n\/Zona Roja Cdmx.<\/p>\n\n\n\n<p>Ciudad de M\u00e9xico, a 23 de agosto de 2022.- La Fiscal\u00eda General de la Rep\u00fablica (FGR) notific\u00f3 a la Secretar\u00eda de la Defensa Nacional (Sedena) de la existencia de 20 \u00f3rdenes de aprehensi\u00f3n contra personal del Ej\u00e9rcito mexicano por el caso Ayotzinapa.<\/p>\n\n\n\n<p>Pero, seg\u00fan reconoci\u00f3 el Presidente Andr\u00e9s Manuel L\u00f3pez Obrador, no se investiga al ex mandatario mexicano Enrique Pe\u00f1a Nieto, jefe de las fuerzas armadas en el lapso en que ocurri\u00f3 la desaparici\u00f3n y asesinato de normalistas.<\/p>\n\n\n\n<p>De acuerdo con la investigaci\u00f3n del caso, los soldados requeridos estuvieron adscritos en septiembre de 2014, \u00e9poca en que ocurri\u00f3 la desaparici\u00f3n de los normalistas de Ayotzinapa, a los batallones 27 y 41 de infanter\u00eda en Guerrero.<\/p>\n\n\n\n<p>Cabe destacar que el viernes pasado la FGR inform\u00f3 que fue el Juez Segundo de Distrito de Procesos Penales Federales, con sede en Toluca, Estado de M\u00e9xico, quien libr\u00f3 83 \u00f3rdenes de aprehensi\u00f3n por el caso Ayotzinapa.<\/p>\n\n\n\n<p>Dijo que entre los requeridos estaban 20 mandos militares y personal de tropa de los batallones 27 y 41 radicados en la ciudad de Iguala.<\/p>\n\n\n\n<p>Seg\u00fan dicho informe, el mando militar de mayor rango que podr\u00eda ser imputado es Alejandro Saavedra Hern\u00e1ndez, quien fue comandante de la 35 zona militar en Chilpancingo (Guerrero) quien, seg\u00fan el informe de la Comisi\u00f3n de la Verdad, supo del caso y hizo nada para evitar la tragedia.<\/p>\n\n\n\n<p>Luego de los hechos, Saavedra Hern\u00e1ndez fue ascendido a General de Divisi\u00f3n y hasta el 2 de marzo de 2021 fue director del Instituto de Seguridad Social para las Fuerzas Armadas (ISSFAM).<\/p>\n\n\n\n<p>Otros mandos se\u00f1alados son Jos\u00e9 Rodr\u00edguez P\u00e9rez, quien al momento de los hechos era comandante del 27 batall\u00f3n de Infanter\u00eda; as\u00ed como el teniente de Infanter\u00eda, Marcos Mac\u00edas Barbosa, quien pertenec\u00eda al 27 Batall\u00f3n del Ej\u00e9rcito.<\/p>\n\n\n\n<p>Seg\u00fan el informe de la Comisi\u00f3n de la Verdad del caso Ayotzinapa, Mac\u00edas Barbosa pudo evitar la desaparici\u00f3n de los normalistas, pues dicho militar era jefe inmediato del soldado Julio C\u00e9sar L\u00f3pez Patolzin, infiltrado en la normal de Ayotzinapa y responsable de informar lo que ocurr\u00eda en la normal y quien tambi\u00e9n desapareci\u00f3 con los estudiantes.<\/p>\n\n\n\n<p>Otros militares mencionados y posibles implicados son los capitanes segundos de Infanter\u00eda Jos\u00e9 Mart\u00ednez Crespo, Paul Escobar L\u00f3pez, y Juan N, \u00e9ste \u00faltimo encargado del grupo de soldados que patrull\u00f3 la ciudad de Igual el d\u00eda de la desaparici\u00f3n de los normalistas.<\/p>\n\n\n\n<p>Tambi\u00e9n menciona a los soldados Ezequiel N, Felipe N (encargado del C4 de Iguala), Joel N; Eduardo N, Roberto N, Juan N, Francisco N, Luis N y Fabi\u00e1n N, Gustavo N, Donaciano N y Jorge N.<\/p>\n\n\n\n<p>(Con informaci\u00f3n de \u201cEl Financiero\u201d)<\/p>\n","protected":false},"excerpt":{"rendered":"<p>Redacci\u00f3n\/Zona Roja Cdmx. Ciudad de M\u00e9xico, a 23 de agosto de 2022.- La Fiscal\u00eda General&hellip;<\/p>\n","protected":false},"author":2,"featured_media":44956,"comment_status":"closed","ping_status":"open","sticky":false,"template":"","format":"standard","meta":{"_lmt_disableupdate":"","_lmt_disable":"","_jetpack_memberships_contains_paid_content":false,"footnotes":""},"categories":[109,47],"tags":[],"class_list":["post-44955","post","type-post","status-publish","format-standard","has-post-thumbnail","hentry","category-minuto-a-minuto","category-zona-gris"],"jetpack_featured_media_url":"https:\/\/zonaroja.com.mx\/wp-content\/uploads\/2022\/08\/Enrique-Pena-Nieto-caso-Ayotzinapa.jpeg","jetpack_sharing_enabled":true,"_links":{"self":[{"href":"https:\/\/zonaroja.com.mx\/index.php?rest_route=\/wp\/v2\/posts\/44955","targetHints":{"allow":["GET"]}}],"collection":[{"href":"https:\/\/zonaroja.com.mx\/index.php?rest_route=\/wp\/v2\/posts"}],"about":[{"href":"https:\/\/zonaroja.com.mx\/index.php?rest_route=\/wp\/v2\/types\/post"}],"author":[{"embeddable":true,"href":"https:\/\/zonaroja.com.mx\/index.php?rest_route=\/wp\/v2\/users\/2"}],"replies":[{"embeddable":true,"href":"https:\/\/zonaroja.com.mx\/index.php?rest_route=%2Fwp%2Fv2%2Fcomments&post=44955"}],"version-history":[{"count":2,"href":"https:\/\/zonaroja.com.mx\/index.php?rest_route=\/wp\/v2\/posts\/44955\/revisions"}],"predecessor-version":[{"id":44958,"href":"https:\/\/zonaroja.com.mx\/index.php?rest_route=\/wp\/v2\/posts\/44955\/revisions\/44958"}],"wp:featuredmedia":[{"embeddable":true,"href":"https:\/\/zonaroja.com.mx\/index.php?rest_route=\/wp\/v2\/media\/44956"}],"wp:attachment":[{"href":"https:\/\/zonaroja.com.mx\/index.php?rest_route=%2Fwp%2Fv2%2Fmedia&parent=44955"}],"wp:term":[{"taxonomy":"category","embeddable":true,"href":"https:\/\/zonaroja.com.mx\/index.php?rest_route=%2Fwp%2Fv2%2Fcategories&post=44955"},{"taxonomy":"post_tag","embeddable":true,"href":"https:\/\/zonaroja.com.mx\/index.php?rest_route=%2Fwp%2Fv2%2Ftags&post=44955"}],"curies":[{"name":"wp","href":"https:\/\/api.w.org\/{rel}","templated":true}]}}