{"id":44960,"date":"2022-08-23T13:49:58","date_gmt":"2022-08-23T18:49:58","guid":{"rendered":"https:\/\/www.zonaroja.com.mx\/?p=44960"},"modified":"2022-08-23T18:51:49","modified_gmt":"2022-08-23T23:51:49","slug":"evade-edil-de-salina-cruz-esclarecer-caso-de-abigail-y-niega-comparecencia-de-comisario-y-juez-civico","status":"publish","type":"post","link":"https:\/\/zonaroja.com.mx\/?p=44960","title":{"rendered":"Evade edil de Salina Cruz esclarecer caso de Abigail y niega comparecencia de Comisario y Juez C\u00edvico"},"content":{"rendered":"\n<p>Yuridiana Sosa\/ Zona Roja.<\/p>\n\n\n\n<p>Oaxaca de Ju\u00e1rez, Oax., 23 agosto 2022.- El presidente municipal de Salina Cruz, Daniel M\u00e9ndez Sosa, neg\u00f3 la comparecencia ante el Cabildo del Comisario de la Polic\u00eda Municipal y del Juez C\u00edvico calificador, para esclarecer los hechos a nivel municipal, relacionados con la detenci\u00f3n y muerte de Abigail Hay Urrutia, en los separos.<\/p>\n\n\n\n<p>Por medio de oficios, el regidor de Parques y Recreaciones de Espacios P\u00fablicos, Jos\u00e9 Luis Maldonado Pineda, solicit\u00f3 al edil convocar a una sesi\u00f3n extraordinaria de cabildo, en car\u00e1cter de urgente, con el \u00fanico punto de tratar la comparecencia del Polic\u00eda Segundo, Rafael Ram\u00edrez V\u00e1squez, designado el 15 de agosto pasado como encargado de la Comisar\u00eda de Seguridad P\u00fablica.<\/p>\n\n\n\n<p>As\u00ed como la del Juez C\u00edvico Calificador del ayuntamiento de Salina Cruz, Joel Alberto Luis V\u00e1squez, para que ofrezca un informe detallado de la narrativa de hechos de la situaci\u00f3n que se prevaleci\u00f3 la noche del viernes del 19 de agosto y madrugada del 20 de agosto, cuando se registraron los hechos contra Abigail.<\/p>\n\n\n\n<p>La propuesta del regidor inclu\u00eda ronda de preguntas y respuestas, pero ambas solicitudes, por medio de oficios RPREP\/026\/2022 y RPREP\/027\/2022 fueron rechazadas.&nbsp;<\/p>\n\n\n\n<p>El edil emanado de Morena respondi\u00f3 que no exist\u00edan condiciones para llevar a cabo dichas sesiones.<\/p>\n\n\n\n<p>\u00abPor instrucciones del Arq. Daniel M\u00e9ndez Sosa, presidente del H. Ayuntamiento de Constitucional de Salina Cruz, Oaxaca, me dirijo a usted para hacer de su conocimiento que respecto a la sesi\u00f3n extraordinaria de Cabildo que atentamente solicita, por el momento no hay condiciones para lanzar la convocatoria para el desahogo del punto de acuerdo requerido, tomando en cuenta que se est\u00e1n atendiendo los requerimientos de informaci\u00f3n formuladas por la Fiscal\u00eda General del Estado de Oaxaca (FGEO)\u00bb, se\u00f1al\u00f3 el documento.<\/p>\n\n\n\n<p>Sobre el hecho, M\u00e9ndez Sosa ha realizado limitadas declaraciones, y casi de forma obligada sobre el caso de Abigail, sin mencionar sobre qu\u00e9 tipo de sanciones o investigaciones se realizar\u00e1n contra los elementos policiales involucrados en el hecho, a pesar que se encuentran bajo su responsabilidad. <\/p>\n","protected":false},"excerpt":{"rendered":"<p>Yuridiana Sosa\/ Zona Roja. Oaxaca de Ju\u00e1rez, Oax., 23 agosto 2022.- El presidente municipal de&hellip;<\/p>\n","protected":false},"author":2,"featured_media":44959,"comment_status":"closed","ping_status":"open","sticky":false,"template":"","format":"standard","meta":{"_lmt_disableupdate":"","_lmt_disable":"","_jetpack_memberships_contains_paid_content":false,"footnotes":""},"categories":[109,47],"tags":[3234],"class_list":["post-44960","post","type-post","status-publish","format-standard","has-post-thumbnail","hentry","category-minuto-a-minuto","category-zona-gris","tag-abigail-hay-urrutia"],"jetpack_featured_media_url":"https:\/\/zonaroja.com.mx\/wp-content\/uploads\/2022\/08\/img_4605.jpg","jetpack_sharing_enabled":true,"_links":{"self":[{"href":"https:\/\/zonaroja.com.mx\/index.php?rest_route=\/wp\/v2\/posts\/44960","targetHints":{"allow":["GET"]}}],"collection":[{"href":"https:\/\/zonaroja.com.mx\/index.php?rest_route=\/wp\/v2\/posts"}],"about":[{"href":"https:\/\/zonaroja.com.mx\/index.php?rest_route=\/wp\/v2\/types\/post"}],"author":[{"embeddable":true,"href":"https:\/\/zonaroja.com.mx\/index.php?rest_route=\/wp\/v2\/users\/2"}],"replies":[{"embeddable":true,"href":"https:\/\/zonaroja.com.mx\/index.php?rest_route=%2Fwp%2Fv2%2Fcomments&post=44960"}],"version-history":[{"count":1,"href":"https:\/\/zonaroja.com.mx\/index.php?rest_route=\/wp\/v2\/posts\/44960\/revisions"}],"predecessor-version":[{"id":44961,"href":"https:\/\/zonaroja.com.mx\/index.php?rest_route=\/wp\/v2\/posts\/44960\/revisions\/44961"}],"wp:featuredmedia":[{"embeddable":true,"href":"https:\/\/zonaroja.com.mx\/index.php?rest_route=\/wp\/v2\/media\/44959"}],"wp:attachment":[{"href":"https:\/\/zonaroja.com.mx\/index.php?rest_route=%2Fwp%2Fv2%2Fmedia&parent=44960"}],"wp:term":[{"taxonomy":"category","embeddable":true,"href":"https:\/\/zonaroja.com.mx\/index.php?rest_route=%2Fwp%2Fv2%2Fcategories&post=44960"},{"taxonomy":"post_tag","embeddable":true,"href":"https:\/\/zonaroja.com.mx\/index.php?rest_route=%2Fwp%2Fv2%2Ftags&post=44960"}],"curies":[{"name":"wp","href":"https:\/\/api.w.org\/{rel}","templated":true}]}}