{"id":44967,"date":"2022-08-23T19:47:16","date_gmt":"2022-08-24T00:47:16","guid":{"rendered":"http:\/\/www.zonaroja.com.mx\/?p=44967"},"modified":"2022-08-23T19:47:18","modified_gmt":"2022-08-24T00:47:18","slug":"omisa-comision-de-busqueda-en-oaxaca-denuncian-familiares-de-desaparecidos","status":"publish","type":"post","link":"https:\/\/zonaroja.com.mx\/?p=44967","title":{"rendered":"Omisa Comisi\u00f3n de B\u00fasqueda en Oaxaca, denuncian familiares de desaparecidos"},"content":{"rendered":"\n<p>Yuridiana Sosa\/Zona Roja.<\/p>\n\n\n\n<p>Oaxaca de Ju\u00e1rez, Oax., 23 de agosto de 2022.- Ante la inacci\u00f3n gubernamental para la localizaci\u00f3n de personas desaparecidas en Oaxaca, colectivos de b\u00fasqueda anunciaron un movimiento para denunciar las diferentes irregularidades, entre las que destacan la omisi\u00f3n de la Comisi\u00f3n Estatal de B\u00fasqueda de Personas Desaparecidas del Estado.<\/p>\n\n\n\n<p>La Comisi\u00f3n de B\u00fasqueda de Oaxaca, con m\u00e1s de un a\u00f1o en funciones, s\u00f3lo brinda atenci\u00f3n a cuatro casos de las decenas de desapariciones que se registran de forma continua en la entidad, se\u00f1al\u00f3 el activista Francisco Gonz\u00e1lez de Oaxaque\u00f1os Unidos Exigiendo Justicia.<\/p>\n\n\n\n<p>En conferencia de prensa, para anunciar la Caravana Nacional \u00abNarrativas y memorias de la Desaparici\u00f3n en M\u00e9xico-Oaxaca\u201d, se\u00f1al\u00f3 que mientras la Comisi\u00f3n Estatal, con recursos econ\u00f3micos e influencias, es lenta y opaca en sus acciones, los movimientos familiares han logrado la localizaci\u00f3n de personas.<\/p>\n\n\n\n<p>El activista y padre de familia, quien busca a su hijo desde el 2013, se\u00f1al\u00f3 que en meses pasados localizaron a una persona en Tehuantepec, en San Sebasti\u00e1n Teitipac, entre otros casos que marcan la diferencia entre el actuar de las familias y las autoridades.<\/p>\n\n\n\n<p>La representante del colectivo San Miguel Cajonos, Abigail Cruz Ortega, se\u00f1al\u00f3 que las familias de desaparecidos sufren una doble revictimizaci\u00f3n cuando son originarios de los pueblos ind\u00edgenas, pues existe discriminaci\u00f3n en los Ministerios P\u00fablicos, as\u00ed como no hablan ninguna lengua madre.<\/p>\n\n\n\n<p>Motivo por el cual exigi\u00f3 al gobernador electo, Salom\u00f3n Jara Cruz, atender el tema de las desapariciones como un asunto prioritario, debido a que Alejandro Murat nunca los recibi\u00f3 para conocer su situaci\u00f3n.<\/p>\n\n\n\n<p>Ante esas omisiones y falta de voluntad para atender los casos por parte del gobierno estatal, diferentes colectivos estatales se organizaron para realizar diversas actividades durante este fin de semana para visibilizar su condici\u00f3n, as\u00ed como ofrecer acompa\u00f1amiento a las familias que atraviesan por una situaci\u00f3n igual.<\/p>\n\n\n\n<p>El movimiento lo integran Oaxaque\u00f1os Unidos Exigiendo Justicia, Oaxaque\u00f1os Buscando a los Nuestros, A.C., Migrantes Apoyados No Olvidados A.C (MANOS), San Miguel Cajonos CNPA MN , Sabuesos Guerreras, y T\u00e9cnicas Rudas.\u00a0<\/p>\n\n\n\n<figure class=\"wp-block-embed is-type-rich is-provider-twitter wp-block-embed-twitter\"><div class=\"wp-block-embed__wrapper\">\n<div class=\"twitter-tweet\"><blockquote class=\"twitter-tweet\" data-lang=\"es\"><p lang=\"es\" dir=\"ltr\">En la conferencia de prensa para presentar la caravana nacional en busca de los desaparecidos y ante la nula respuesta del gobernador Alejandro Murat, la familiar de los desaparecidos en San Miguel Cajonos pidi\u00f3 al mandatario electo <a href=\"https:\/\/twitter.com\/salomonj?ref_src=twsrc%5Etfw\">@salomonj<\/a> demostrar inter\u00e9s por las v\u00edctimas. <a href=\"https:\/\/t.co\/nep7G7B8Z5\">pic.twitter.com\/nep7G7B8Z5<\/a><\/p>&mdash; Zona Roja Oaxaca (@ZonaRoja_Oaxaca) <a href=\"https:\/\/twitter.com\/ZonaRoja_Oaxaca\/status\/1562233415436570638?ref_src=twsrc%5Etfw\">24 de agosto de 2022<\/a><\/blockquote><\/div>\n<\/div><\/figure>\n","protected":false},"excerpt":{"rendered":"<p>Yuridiana Sosa\/Zona Roja. Oaxaca de Ju\u00e1rez, Oax., 23 de agosto de 2022.- Ante la inacci\u00f3n&hellip;<\/p>\n","protected":false},"author":2,"featured_media":44968,"comment_status":"closed","ping_status":"open","sticky":false,"template":"","format":"standard","meta":{"_lmt_disableupdate":"","_lmt_disable":"","_jetpack_memberships_contains_paid_content":false,"footnotes":""},"categories":[109,47],"tags":[2757],"class_list":["post-44967","post","type-post","status-publish","format-standard","has-post-thumbnail","hentry","category-minuto-a-minuto","category-zona-gris","tag-comision-estatal-de-busqueda-de-personas-desaparecidas-oaxaca"],"jetpack_featured_media_url":"https:\/\/zonaroja.com.mx\/wp-content\/uploads\/2022\/08\/Conferencia-de-prensa-colectivos-de-busqueda.jpg","jetpack_sharing_enabled":true,"_links":{"self":[{"href":"https:\/\/zonaroja.com.mx\/index.php?rest_route=\/wp\/v2\/posts\/44967","targetHints":{"allow":["GET"]}}],"collection":[{"href":"https:\/\/zonaroja.com.mx\/index.php?rest_route=\/wp\/v2\/posts"}],"about":[{"href":"https:\/\/zonaroja.com.mx\/index.php?rest_route=\/wp\/v2\/types\/post"}],"author":[{"embeddable":true,"href":"https:\/\/zonaroja.com.mx\/index.php?rest_route=\/wp\/v2\/users\/2"}],"replies":[{"embeddable":true,"href":"https:\/\/zonaroja.com.mx\/index.php?rest_route=%2Fwp%2Fv2%2Fcomments&post=44967"}],"version-history":[{"count":1,"href":"https:\/\/zonaroja.com.mx\/index.php?rest_route=\/wp\/v2\/posts\/44967\/revisions"}],"predecessor-version":[{"id":44969,"href":"https:\/\/zonaroja.com.mx\/index.php?rest_route=\/wp\/v2\/posts\/44967\/revisions\/44969"}],"wp:featuredmedia":[{"embeddable":true,"href":"https:\/\/zonaroja.com.mx\/index.php?rest_route=\/wp\/v2\/media\/44968"}],"wp:attachment":[{"href":"https:\/\/zonaroja.com.mx\/index.php?rest_route=%2Fwp%2Fv2%2Fmedia&parent=44967"}],"wp:term":[{"taxonomy":"category","embeddable":true,"href":"https:\/\/zonaroja.com.mx\/index.php?rest_route=%2Fwp%2Fv2%2Fcategories&post=44967"},{"taxonomy":"post_tag","embeddable":true,"href":"https:\/\/zonaroja.com.mx\/index.php?rest_route=%2Fwp%2Fv2%2Ftags&post=44967"}],"curies":[{"name":"wp","href":"https:\/\/api.w.org\/{rel}","templated":true}]}}