{"id":4497,"date":"2019-10-02T19:48:41","date_gmt":"2019-10-03T00:48:41","guid":{"rendered":"http:\/\/www.zonaroja.com.mx\/?p=4497"},"modified":"2019-10-02T19:48:43","modified_gmt":"2019-10-03T00:48:43","slug":"organizaciones-sociales-urgen-publicacion-de-reformas-que-despenalizan-el-aborto","status":"publish","type":"post","link":"https:\/\/zonaroja.com.mx\/?p=4497","title":{"rendered":"Organizaciones sociales urgen publicaci\u00f3n de reformas que despenalizan el aborto"},"content":{"rendered":"\n<p>Evlin Arag\u00f3n\/Zona Roja.<\/p>\n\n\n\n<p>Oaxaca de Ju\u00e1rez, Oax., 2 de octubre de\n2019.- M\u00e1s de 30 organizaciones sociales y colectivos en defensa de los\nderechos de las mujeres, exigieron el gobernador de Oaxaca, Alejandro Murat\nHinojosa, la publicaci\u00f3n en el Peri\u00f3dico Oficial de la reforma al C\u00f3digo Penal\nsobre interrupci\u00f3n legal del embarazo.<\/p>\n\n\n\n<p>As\u00ed lo dieron a conocer a trav\u00e9s de un\npronunciamiento p\u00fablico, el cual tambi\u00e9n fue firmado por decenas de personas a\nt\u00edtulo personal, quienes coincidieron en que se requiere la inmediata\npublicaci\u00f3n de la reforma, con el fin de su entrada en vigor y para que el sistema\nde salud garantice servicios de atenci\u00f3n con calidad a las mujeres que decidan\ninterrumpir legalmente su embarazo.<\/p>\n\n\n\n<p>Lo anterior cumpliendo con las\nrecomendaciones emitidas al Estado mexicano por el Comit\u00e9 de Expertas de la\nConvenci\u00f3n sobre la Eliminaci\u00f3n de Todas las Formas de Discriminaci\u00f3n contra la\nMujer (CEDAW) en 2018 y poni\u00e9ndose a la vanguardia del Marco Normativo de los\nDerechos Humanos de las Mujeres en M\u00e9xico.<\/p>\n\n\n\n<p>\u201cInstamos al gobernador Alejandro Murat\nHinojosa a publicar la reforma a la brevedad, con la finalidad de garantizar el\nderecho de las mujeres a decidir sobre su cuerpo\u201d, indicaron en el documento\nque fue dirigido a la opini\u00f3n p\u00fablica y a los poderes Ejecutivo y Legislativo. <\/p>\n\n\n\n<p>Las organizaciones y personas firmantes\ncelebraron la reciente reforma al C\u00f3digo Penal, la cual permite que las mujeres\npuedan acceder a la interrupci\u00f3n legal del embarazo cuando as\u00ed lo decidan,\nantes de las 12 semanas de gestaci\u00f3n.<\/p>\n\n\n\n<p>A la par que reconocieron se trata de\nun logro a nivel local y nacional para el movimiento feminista a favor del\npleno ejercicio de los derechos sexuales y reproductivos, mismo que cont\u00f3 con\nun importante impulso de diputadas comprometidas con la salud y la igualdad de\noportunidades de las mujeres oaxaque\u00f1as.<\/p>\n\n\n\n<p>Fue el pasado 25 de septiembre que la\n64 Legislatura del Congreso local, con 24 votos a favor y 12 en contra, aprob\u00f3\nla reforma al C\u00f3digo Penal que permite la interrupci\u00f3n legal del embarazo antes\nde las doce semanas de gestaci\u00f3n, convirtiendo a Oaxaca en la segunda entidad\nen el pa\u00eds, en contar con este tipo de legislaci\u00f3n solo por detr\u00e1s de la Ciudad\nde M\u00e9xico.<\/p>\n","protected":false},"excerpt":{"rendered":"<p>Evlin Arag\u00f3n\/Zona Roja. Oaxaca de Ju\u00e1rez, Oax., 2 de octubre de 2019.- M\u00e1s de 30&hellip;<\/p>\n","protected":false},"author":2,"featured_media":4282,"comment_status":"closed","ping_status":"open","sticky":false,"template":"","format":"standard","meta":{"_lmt_disableupdate":"","_lmt_disable":"","_jetpack_memberships_contains_paid_content":false,"footnotes":""},"categories":[109],"tags":[],"class_list":["post-4497","post","type-post","status-publish","format-standard","has-post-thumbnail","hentry","category-minuto-a-minuto"],"jetpack_featured_media_url":"https:\/\/zonaroja.com.mx\/wp-content\/uploads\/2019\/09\/eZy-Watermark_25-09-2019_10-16-22p.-m..jpg","jetpack_sharing_enabled":true,"_links":{"self":[{"href":"https:\/\/zonaroja.com.mx\/index.php?rest_route=\/wp\/v2\/posts\/4497","targetHints":{"allow":["GET"]}}],"collection":[{"href":"https:\/\/zonaroja.com.mx\/index.php?rest_route=\/wp\/v2\/posts"}],"about":[{"href":"https:\/\/zonaroja.com.mx\/index.php?rest_route=\/wp\/v2\/types\/post"}],"author":[{"embeddable":true,"href":"https:\/\/zonaroja.com.mx\/index.php?rest_route=\/wp\/v2\/users\/2"}],"replies":[{"embeddable":true,"href":"https:\/\/zonaroja.com.mx\/index.php?rest_route=%2Fwp%2Fv2%2Fcomments&post=4497"}],"version-history":[{"count":1,"href":"https:\/\/zonaroja.com.mx\/index.php?rest_route=\/wp\/v2\/posts\/4497\/revisions"}],"predecessor-version":[{"id":4498,"href":"https:\/\/zonaroja.com.mx\/index.php?rest_route=\/wp\/v2\/posts\/4497\/revisions\/4498"}],"wp:featuredmedia":[{"embeddable":true,"href":"https:\/\/zonaroja.com.mx\/index.php?rest_route=\/wp\/v2\/media\/4282"}],"wp:attachment":[{"href":"https:\/\/zonaroja.com.mx\/index.php?rest_route=%2Fwp%2Fv2%2Fmedia&parent=4497"}],"wp:term":[{"taxonomy":"category","embeddable":true,"href":"https:\/\/zonaroja.com.mx\/index.php?rest_route=%2Fwp%2Fv2%2Fcategories&post=4497"},{"taxonomy":"post_tag","embeddable":true,"href":"https:\/\/zonaroja.com.mx\/index.php?rest_route=%2Fwp%2Fv2%2Ftags&post=4497"}],"curies":[{"name":"wp","href":"https:\/\/api.w.org\/{rel}","templated":true}]}}