{"id":44981,"date":"2022-08-23T21:20:14","date_gmt":"2022-08-24T02:20:14","guid":{"rendered":"http:\/\/www.zonaroja.com.mx\/?p=44981"},"modified":"2022-08-23T21:20:16","modified_gmt":"2022-08-24T02:20:16","slug":"acumula-secretaria-de-turismo-mas-irregularidades-por-guelaguetza","status":"publish","type":"post","link":"https:\/\/zonaroja.com.mx\/?p=44981","title":{"rendered":"Acumula Secretar\u00eda de Turismo m\u00e1s irregularidades por Guelaguetza"},"content":{"rendered":"\n<p>Redacci\u00f3n\/Zona Roja.<\/p>\n\n\n\n<p>Oaxaca de Ju\u00e1rez, Oax., a 23 de agosto de 2022.- A las denuncias contra la Secretar\u00eda de Turismo Oaxaca de permitir la reventa de boletos en la Guelaguetza y \u201cacarrear\u201d a personas para llenar el auditorio del cerro del \u201cFort\u00edn\u201d, se sum\u00f3 hoy la queja de trabajadores por falta de pago.<\/p>\n\n\n\n<p>Se trata de al menos 200 empleados que fueron contratados para organizar y acomodar a los asistentes al auditorio \u201cGuelaguetza\u201d durante las cuatro ediciones del Lunes del Cerro, que no han recibido su pago completo.<\/p>\n\n\n\n<p>Por ello, la ma\u00f1ana de este martes protestaron frente a esa dependencia, ubicada en la avenida Ju\u00e1rez, frente al parque \u201cEl Llano\u201d, para exigir una audiencia con el titular, Juan Carlos Rivera Castellanos.<\/p>\n\n\n\n<p>Seg\u00fan dieron a conocer, laboraron desde las tres de la ma\u00f1ana hasta las 23:00 horas pero les pagaron 200 pesos por la Guelaguetza y los convites, en que participaron unas 200 personas.<\/p>\n\n\n\n<p>No obstante, dijeron que les dar\u00edan menos dinero e incluso s\u00f3lo quer\u00edan darles 600 pesos, ante lo cual tuvieron que protestar hoy. Se quejaron adem\u00e1s de alimentos limitados, no obstante que laboraron durante todo el d\u00eda.<\/p>\n\n\n\n<p>Indicaron que el responsable de las delegaciones de los Lunes del Cerro les dijo que no hab\u00eda m\u00e1s presupuesto para pagarles, lo cual les inconform\u00f3, dijo Karla Espinosa.<\/p>\n\n\n\n<p>Tras ello, fueron atendidos por funcionarios menores de la Secretar\u00eda de Turismo, que les dijeron que esperaran otro lapso para pagarles.<\/p>\n","protected":false},"excerpt":{"rendered":"<p>Redacci\u00f3n\/Zona Roja. Oaxaca de Ju\u00e1rez, Oax., a 23 de agosto de 2022.- A las denuncias&hellip;<\/p>\n","protected":false},"author":2,"featured_media":44978,"comment_status":"closed","ping_status":"open","sticky":false,"template":"","format":"standard","meta":{"_lmt_disableupdate":"","_lmt_disable":"","_jetpack_memberships_contains_paid_content":false,"footnotes":""},"categories":[109,47],"tags":[1031],"class_list":["post-44981","post","type-post","status-publish","format-standard","has-post-thumbnail","hentry","category-minuto-a-minuto","category-zona-gris","tag-secretaria-de-turismo-oaxaca"],"jetpack_featured_media_url":"https:\/\/zonaroja.com.mx\/wp-content\/uploads\/2022\/08\/Protesta-en-Secretaria-de-Turismo-Oaxaca.jpg","jetpack_sharing_enabled":true,"_links":{"self":[{"href":"https:\/\/zonaroja.com.mx\/index.php?rest_route=\/wp\/v2\/posts\/44981","targetHints":{"allow":["GET"]}}],"collection":[{"href":"https:\/\/zonaroja.com.mx\/index.php?rest_route=\/wp\/v2\/posts"}],"about":[{"href":"https:\/\/zonaroja.com.mx\/index.php?rest_route=\/wp\/v2\/types\/post"}],"author":[{"embeddable":true,"href":"https:\/\/zonaroja.com.mx\/index.php?rest_route=\/wp\/v2\/users\/2"}],"replies":[{"embeddable":true,"href":"https:\/\/zonaroja.com.mx\/index.php?rest_route=%2Fwp%2Fv2%2Fcomments&post=44981"}],"version-history":[{"count":1,"href":"https:\/\/zonaroja.com.mx\/index.php?rest_route=\/wp\/v2\/posts\/44981\/revisions"}],"predecessor-version":[{"id":44982,"href":"https:\/\/zonaroja.com.mx\/index.php?rest_route=\/wp\/v2\/posts\/44981\/revisions\/44982"}],"wp:featuredmedia":[{"embeddable":true,"href":"https:\/\/zonaroja.com.mx\/index.php?rest_route=\/wp\/v2\/media\/44978"}],"wp:attachment":[{"href":"https:\/\/zonaroja.com.mx\/index.php?rest_route=%2Fwp%2Fv2%2Fmedia&parent=44981"}],"wp:term":[{"taxonomy":"category","embeddable":true,"href":"https:\/\/zonaroja.com.mx\/index.php?rest_route=%2Fwp%2Fv2%2Fcategories&post=44981"},{"taxonomy":"post_tag","embeddable":true,"href":"https:\/\/zonaroja.com.mx\/index.php?rest_route=%2Fwp%2Fv2%2Ftags&post=44981"}],"curies":[{"name":"wp","href":"https:\/\/api.w.org\/{rel}","templated":true}]}}