{"id":45001,"date":"2022-08-24T08:08:37","date_gmt":"2022-08-24T13:08:37","guid":{"rendered":"http:\/\/www.zonaroja.com.mx\/?p=45001"},"modified":"2022-08-24T08:08:38","modified_gmt":"2022-08-24T13:08:38","slug":"otra-mujer-fue-agredida-sexualmente-en-oaxaca-la-fiscalia-lo-detiene","status":"publish","type":"post","link":"https:\/\/zonaroja.com.mx\/?p=45001","title":{"rendered":"Otra mujer fue agredida sexualmente en Oaxaca; la Fiscal\u00eda lo detiene"},"content":{"rendered":"\n<p>Redacci\u00f3n\/Zona Roja.<\/p>\n\n\n\n<p>Oaxaca de Ju\u00e1rez, Oax., a 23 de agosto de 2022.- La Fiscal\u00eda General del Estado de Oaxaca (FGEO) obtuvo, del Juzgado de Control, auto de vinculaci\u00f3n a proceso contra la persona del sexo masculino identificada como J. R. M. P., se\u00f1alado como probable responsable del delito de abuso sexual en agravio de una mujer, cometido en San Agust\u00edn de las Juntas, en la regi\u00f3n de Valles Centrales.<\/p>\n\n\n\n<p>De acuerdo con la causa penal 496\/2022, el 29 de marzo de 2022, la v\u00edctima se encontraba en su centro de trabajo ubicado en la demarcaci\u00f3n antes se\u00f1alada, cuando el imputado se acerc\u00f3 a su escritorio para presuntamente hacer insinuaciones sexuales de manera verbal. Posteriormente J. R. M. P. probablemente agredi\u00f3 de manera sexual a la v\u00edctima.&nbsp;<\/p>\n\n\n\n<p>Ante estos hechos y tras la denuncia presentada, la instituci\u00f3n de procuraci\u00f3n de justicia intervino y realiz\u00f3 una exhaustiva investigaci\u00f3n y present\u00f3 al imputado ante el Juzgado de Control.<\/p>\n\n\n\n<p>En audiencia y tras validar los datos de prueba proporcionados por la -Fiscal\u00eda Especializada en Atenci\u00f3n a Delitos contra la Mujer por Raz\u00f3n de G\u00e9nero-, el Juez en turno determin\u00f3 vincular a proceso al imputado y otorg\u00f3 un mes para el cierre de investigaci\u00f3n complementaria.<\/p>\n\n\n\n<p>CASO YOLOM\u00c9CATL<\/p>\n\n\n\n<p>En otro echo, y en puntual seguimiento al caso, la Fiscal\u00eda General del Estado de Oaxaca (FGEO) obtuvo, del Juzgado de Control, auto de vinculaci\u00f3n a proceso contra la persona del sexo masculino identificada como F. J. O. V., probable responsable del delito de feminicidio agravado en contra de la v\u00edctima de nombre J. V. V., cometido en el municipio de Santiago Yolom\u00e9catl, en la regi\u00f3n de la Mixteca.<\/p>\n\n\n\n<p>De acuerdo con la carpeta de investigaci\u00f3n 20935\/FMIX\/TEPOSCOLULA\/2022, el cuerpo de la v\u00edctima fue localizado el 15 de junio de 2022, se encontraba dentro de un remolque estacionado en calles de Santiago Yolom\u00e9catl, donde fue localizado por las autoridades.<\/p>\n\n\n\n<p>Ante el hallazgo, la FGEO intervino y luego de realizar una exhaustiva investigaci\u00f3n, se logr\u00f3 establecer que el probable responsable radicaba en el municipio de Ecatepec, en el Estado de M\u00e9xico, por lo que luego de ser localizado, se solicit\u00f3 la colaboraci\u00f3n de la Fiscal\u00eda General del Estado de M\u00e9xico, con lo que fue posible ejecutar la orden de aprehensi\u00f3n en su contra.<\/p>\n\n\n\n<p>En audiencia y despu\u00e9s de validar los datos probatorios aportados por la Vicefiscal\u00eda Regional de la Mixteca, el Juez en turno determin\u00f3 vincular a proceso a F. J. O. V., imponiendo la medida cautelar de prisi\u00f3n preventiva oficiosa y otorg\u00f3 cuatro meses para el cierre de investigaci\u00f3n complementaria.&nbsp;<\/p>\n\n\n\n<p>La Fiscal\u00eda General reitera su compromiso en la persecuci\u00f3n de los delitos de g\u00e9nero en la entidad y colabora con \u00f3rganos de la Federaci\u00f3n, para garantizar el que los responsables sean presentados ante la justicia y se les aplique todo el rigor de la ley.<\/p>\n","protected":false},"excerpt":{"rendered":"<p>Redacci\u00f3n\/Zona Roja. Oaxaca de Ju\u00e1rez, Oax., a 23 de agosto de 2022.- La Fiscal\u00eda General&hellip;<\/p>\n","protected":false},"author":2,"featured_media":28829,"comment_status":"closed","ping_status":"open","sticky":false,"template":"","format":"standard","meta":{"_lmt_disableupdate":"","_lmt_disable":"","_jetpack_memberships_contains_paid_content":false,"footnotes":""},"categories":[109,46],"tags":[494],"class_list":["post-45001","post","type-post","status-publish","format-standard","has-post-thumbnail","hentry","category-minuto-a-minuto","category-zona-blanca","tag-fiscalia-general-del-estado-de-oaxaca"],"jetpack_featured_media_url":"https:\/\/zonaroja.com.mx\/wp-content\/uploads\/2021\/06\/Violencia-contra-mujer-genero.jpg","jetpack_sharing_enabled":true,"_links":{"self":[{"href":"https:\/\/zonaroja.com.mx\/index.php?rest_route=\/wp\/v2\/posts\/45001","targetHints":{"allow":["GET"]}}],"collection":[{"href":"https:\/\/zonaroja.com.mx\/index.php?rest_route=\/wp\/v2\/posts"}],"about":[{"href":"https:\/\/zonaroja.com.mx\/index.php?rest_route=\/wp\/v2\/types\/post"}],"author":[{"embeddable":true,"href":"https:\/\/zonaroja.com.mx\/index.php?rest_route=\/wp\/v2\/users\/2"}],"replies":[{"embeddable":true,"href":"https:\/\/zonaroja.com.mx\/index.php?rest_route=%2Fwp%2Fv2%2Fcomments&post=45001"}],"version-history":[{"count":1,"href":"https:\/\/zonaroja.com.mx\/index.php?rest_route=\/wp\/v2\/posts\/45001\/revisions"}],"predecessor-version":[{"id":45002,"href":"https:\/\/zonaroja.com.mx\/index.php?rest_route=\/wp\/v2\/posts\/45001\/revisions\/45002"}],"wp:featuredmedia":[{"embeddable":true,"href":"https:\/\/zonaroja.com.mx\/index.php?rest_route=\/wp\/v2\/media\/28829"}],"wp:attachment":[{"href":"https:\/\/zonaroja.com.mx\/index.php?rest_route=%2Fwp%2Fv2%2Fmedia&parent=45001"}],"wp:term":[{"taxonomy":"category","embeddable":true,"href":"https:\/\/zonaroja.com.mx\/index.php?rest_route=%2Fwp%2Fv2%2Fcategories&post=45001"},{"taxonomy":"post_tag","embeddable":true,"href":"https:\/\/zonaroja.com.mx\/index.php?rest_route=%2Fwp%2Fv2%2Ftags&post=45001"}],"curies":[{"name":"wp","href":"https:\/\/api.w.org\/{rel}","templated":true}]}}