{"id":45003,"date":"2022-08-24T08:16:13","date_gmt":"2022-08-24T13:16:13","guid":{"rendered":"http:\/\/www.zonaroja.com.mx\/?p=45003"},"modified":"2022-08-24T08:16:15","modified_gmt":"2022-08-24T13:16:15","slug":"el-estado-de-oaxaca-era-sede-del-tianguis-nacional-de-pueblos-magicos","status":"publish","type":"post","link":"https:\/\/zonaroja.com.mx\/?p=45003","title":{"rendered":"El estado de Oaxaca era sede del Tianguis Nacional de Pueblos M\u00e1gicos"},"content":{"rendered":"\n<p>Redacci\u00f3n\/Zona Roja.<\/p>\n\n\n\n<p>Oaxaca de Ju\u00e1rez, Oax., a 24 de agosto de 2022.- En el marco de la toma de protesta de la nueva mesa directiva de la Red Nacional de Alcaldes de Pueblos M\u00e1gicos, efectuada en la Ciudad de M\u00e9xico, se anunci\u00f3 que Oaxaca ser\u00e1 sede del Tianguis Nacional de Pueblos M\u00e1gicos que se llevar\u00e1 a cabo del 11 al 14 de octubre de este a\u00f1o en el Centro Cultural y de Convenciones de Oaxaca.<\/p>\n\n\n\n<p>El gobernador de esta entidad, Alejandro Murat, dijo que el Tianguis Nacional representa una gran oportunidad para promover la esencia de los 132 pueblos m\u00e1gicos que hay en el pa\u00eds- especialmente los seis Pueblos M\u00e1gicos con los que cuenta el estado-, su patrimonio natural y cultural que hace de ellos un baluarte de la identidad mexicana.<\/p>\n\n\n\n<p>\u201cLa grandeza y magia de M\u00e9xico est\u00e1 en sus Pueblos M\u00e1gicos as\u00ed que invito a todos a vivir las experiencias \u00fanicas que estos lugares tienen para ustedes\u201d, afirm\u00f3.<\/p>\n\n\n\n<p>Este Tianguis Nacional contar\u00e1 con stands para la exposici\u00f3n de los productos y servicios de cada uno de los Pueblos M\u00e1gicos; as\u00ed como eventos incluyentes y de acceso a todo el p\u00fablico y exposiciones culturales y gastron\u00f3micas.<\/p>\n\n\n\n<p>Asimismo, Murat Hinojosa reconoci\u00f3 la labor que realiza la mesa directiva de la Red Nacional de Alcaldes de Pueblos M\u00e1gicos para impulsar a nivel nacional los atractivos tur\u00edsticos y la cultura de las comunidades con este distintivo, de igual manera deseo \u00e9xito a la nueva mesa directiva encabezada por David de la Pe\u00f1a Marroqu\u00edn, alcalde de Santiago Nuevo Le\u00f3n.<\/p>\n\n\n\n<p>\u201cOaxaca est\u00e1 siempre dispuesto a hacer equipo con todos ustedes y seguir trabajando por la actividad tur\u00edstica en nuestras entidades federativas\u201d, dijo el gobernador.<\/p>\n\n\n\n<p>El secretario de Turismo federal, Miguel Torruco Marqu\u00e9s -quien encabez\u00f3 la toma de protesta de la nueva mesa directiva- anunci\u00f3 que gracias a todo el trabajo realizado en conjunto con gobiernos estatales y federales se tomar\u00e1 el d\u00eda 5 de octubre como D\u00eda Nacional de los Pueblos M\u00e1gicos, e invit\u00f3 a la segunda edici\u00f3n del Tianguis Internacional en los \u00c1ngeles California y el Tianguis Tur\u00edstico de M\u00e9xico.<\/p>\n\n\n\n<p>En su intervenci\u00f3n, el titular de Sectur Oaxaca, Juan Carlos Rivera Castellanos, dijo que el estado cuenta con la infraestructura necesaria para poder recibir a todos los visitantes en el Tianguis Nacional de Pueblos M\u00e1gicos 2022, adem\u00e1s de un sector tur\u00edstico profesionalizado y certificado para brindarles la experiencia de una estancia inolvidable, pero sobre todo \u201chabr\u00e1 hospitalidad por parte de autoridades y habitantes\u201d.<\/p>\n\n\n\n<figure class=\"wp-block-embed is-type-rich is-provider-twitter wp-block-embed-twitter\"><div class=\"wp-block-embed__wrapper\">\n<div class=\"twitter-tweet\"><blockquote class=\"twitter-tweet\" data-lang=\"es\"><p lang=\"es\" dir=\"ltr\"><a href=\"https:\/\/twitter.com\/hashtag\/%C3%9AltimoMinuto?src=hash&amp;ref_src=twsrc%5Etfw\">#\u00daltimoMinuto<\/a> <br>El estado de <a href=\"https:\/\/twitter.com\/hashtag\/Oaxaca?src=hash&amp;ref_src=twsrc%5Etfw\">#Oaxaca<\/a> ser\u00e1 sede del Tianguis de Pueblos M\u00e1gicos 2022, se anunci\u00f3 hoy en la Ciudad de M\u00e9xico durante la toma de protesta de la nueva mesa directiva de la Red Nacional de Alcaldes de Pueblos M\u00e1gicos, al que acudi\u00f3 el gobernador <a href=\"https:\/\/twitter.com\/alejandromurat?ref_src=twsrc%5Etfw\">@alejandromurat<\/a>. <a href=\"https:\/\/t.co\/2DWthvXXYf\">pic.twitter.com\/2DWthvXXYf<\/a><\/p>&mdash; Zona Roja Oaxaca (@ZonaRoja_Oaxaca) <a href=\"https:\/\/twitter.com\/ZonaRoja_Oaxaca\/status\/1562184822663028737?ref_src=twsrc%5Etfw\">23 de agosto de 2022<\/a><\/blockquote><\/div>\n<\/div><\/figure>\n","protected":false},"excerpt":{"rendered":"<p>Redacci\u00f3n\/Zona Roja. Oaxaca de Ju\u00e1rez, Oax., a 24 de agosto de 2022.- En el marco&hellip;<\/p>\n","protected":false},"author":2,"featured_media":45004,"comment_status":"closed","ping_status":"open","sticky":false,"template":"","format":"standard","meta":{"_lmt_disableupdate":"","_lmt_disable":"","_jetpack_memberships_contains_paid_content":false,"footnotes":""},"categories":[109,46],"tags":[173],"class_list":["post-45003","post","type-post","status-publish","format-standard","has-post-thumbnail","hentry","category-minuto-a-minuto","category-zona-blanca","tag-alejandro-murat-hinojosa"],"jetpack_featured_media_url":"https:\/\/zonaroja.com.mx\/wp-content\/uploads\/2022\/08\/Alejandro-Murat-pueblos-magicos.jpeg","jetpack_sharing_enabled":true,"_links":{"self":[{"href":"https:\/\/zonaroja.com.mx\/index.php?rest_route=\/wp\/v2\/posts\/45003","targetHints":{"allow":["GET"]}}],"collection":[{"href":"https:\/\/zonaroja.com.mx\/index.php?rest_route=\/wp\/v2\/posts"}],"about":[{"href":"https:\/\/zonaroja.com.mx\/index.php?rest_route=\/wp\/v2\/types\/post"}],"author":[{"embeddable":true,"href":"https:\/\/zonaroja.com.mx\/index.php?rest_route=\/wp\/v2\/users\/2"}],"replies":[{"embeddable":true,"href":"https:\/\/zonaroja.com.mx\/index.php?rest_route=%2Fwp%2Fv2%2Fcomments&post=45003"}],"version-history":[{"count":1,"href":"https:\/\/zonaroja.com.mx\/index.php?rest_route=\/wp\/v2\/posts\/45003\/revisions"}],"predecessor-version":[{"id":45005,"href":"https:\/\/zonaroja.com.mx\/index.php?rest_route=\/wp\/v2\/posts\/45003\/revisions\/45005"}],"wp:featuredmedia":[{"embeddable":true,"href":"https:\/\/zonaroja.com.mx\/index.php?rest_route=\/wp\/v2\/media\/45004"}],"wp:attachment":[{"href":"https:\/\/zonaroja.com.mx\/index.php?rest_route=%2Fwp%2Fv2%2Fmedia&parent=45003"}],"wp:term":[{"taxonomy":"category","embeddable":true,"href":"https:\/\/zonaroja.com.mx\/index.php?rest_route=%2Fwp%2Fv2%2Fcategories&post=45003"},{"taxonomy":"post_tag","embeddable":true,"href":"https:\/\/zonaroja.com.mx\/index.php?rest_route=%2Fwp%2Fv2%2Ftags&post=45003"}],"curies":[{"name":"wp","href":"https:\/\/api.w.org\/{rel}","templated":true}]}}