{"id":45010,"date":"2022-08-24T08:47:01","date_gmt":"2022-08-24T13:47:01","guid":{"rendered":"http:\/\/www.zonaroja.com.mx\/?p=45010"},"modified":"2022-08-24T08:47:04","modified_gmt":"2022-08-24T13:47:04","slug":"inicia-manana-registro-de-planillas-para-relevo-en-seccion-35-del-sindicato-de-salud","status":"publish","type":"post","link":"https:\/\/zonaroja.com.mx\/?p=45010","title":{"rendered":"Inicia ma\u00f1ana registro de planillas para relevo en Secci\u00f3n 35 del Sindicato de Salud"},"content":{"rendered":"\n<p>Redacci\u00f3n\/Zona Roja<\/p>\n\n\n\n<p>Oaxaca de Ju\u00e1rez, Oax., a 24 de agosto de 2022.- Tras la emisi\u00f3n ayer de la convocatoria, este jueves inicia el registro de planillas que contender\u00e1n para la renovaci\u00f3n del comit\u00e9 ejecutivo de la Secci\u00f3n 35 del&nbsp;Sindicato Nacional de Trabajadores de la Secretar\u00eda de Salud (SNTSA).<\/p>\n\n\n\n<p>Ayer por la ma\u00f1ana, el secretario General, Mario F\u00e9lix Pacheco, acompa\u00f1ado de representantes a nivel nacional, acudi\u00f3 a la sede principal de los Servicios de Salud de Oaxaca a notificar la convocatoria y los t\u00e9rminos respectivos.<\/p>\n\n\n\n<p>\u201cLas cosas siempre llegan, ni antes ni despu\u00e9s; nuestro sector laboral est\u00e1 en tranquilidad, trabajando; siempre apostamos al di\u00e1logo; a trabajar de com\u00fan acuerdo tanto con los SSO, el Gobierno del Estado y y el federal\u201d, expres\u00f3.<\/p>\n\n\n\n<p>Record\u00f3 que su segundo per\u00edodo al frente de la Secci\u00f3n 35 del SNTSA concluy\u00f3 hace dos a\u00f1os, pero por razones de la pandemia del Covid-19, se extendi\u00f3 hasta el momento.<\/p>\n\n\n\n<p>Asegur\u00f3 que entregar\u00e1 buenas cuentas, \u201cvamos a entregar como dirigencia a los compa\u00f1eros que nos permitieron representarlos. Entregamos un tema que ven\u00edamos arrastrando desde tiempo inmemorial como es el de los terceros institucionales; se firm\u00f3 un convenio con el ISSSTE, la Secretar\u00eda de Hacienda, en presencia y autorizaci\u00f3n del Congreso de la Uni\u00f3n.&nbsp; La firma fue para empezar a pagar esos compromisos\u201d, dijo.<\/p>\n\n\n\n<p>La convocatoria establece que ma\u00f1ana es el registro de planillas y la actividad de proselitismo ser\u00e1 de inmediato y concluir\u00e1 el pr\u00f3ximo 10 de septiembre. El d\u00eda 11 ser\u00e1 de veda electoral en aras de que los sindicalizados acudan a las urnas el 12 de septiembre.<\/p>\n\n\n\n<figure class=\"wp-block-embed is-type-rich is-provider-twitter wp-block-embed-twitter\"><div class=\"wp-block-embed__wrapper\">\n<div class=\"twitter-tweet\"><blockquote class=\"twitter-tweet\" data-lang=\"es\"><p lang=\"es\" dir=\"ltr\">Con la emisi\u00f3n de la convocatoria respectiva, este d\u00eda la Secci\u00f3n 35 del Sindicato Nacional de Trabajadores de Salud inici\u00f3 el proceso de relevo del comit\u00e9 ejecutivo. <br>El secretario general, <a href=\"https:\/\/twitter.com\/MarioFelixP?ref_src=twsrc%5Etfw\">@MarioFelixP<\/a>, comenz\u00f3 la difusi\u00f3n en las oficinas de los <a href=\"https:\/\/twitter.com\/SSO_GobOax?ref_src=twsrc%5Etfw\">@SSO_GobOax<\/a>. <a href=\"https:\/\/t.co\/jaLKnuHKoU\">pic.twitter.com\/jaLKnuHKoU<\/a><\/p>&mdash; Zona Roja Oaxaca (@ZonaRoja_Oaxaca) <a href=\"https:\/\/twitter.com\/ZonaRoja_Oaxaca\/status\/1562203932298215424?ref_src=twsrc%5Etfw\">23 de agosto de 2022<\/a><\/blockquote><\/div>\n<\/div><\/figure>\n","protected":false},"excerpt":{"rendered":"<p>Redacci\u00f3n\/Zona Roja Oaxaca de Ju\u00e1rez, Oax., a 24 de agosto de 2022.- Tras la emisi\u00f3n&hellip;<\/p>\n","protected":false},"author":2,"featured_media":45011,"comment_status":"closed","ping_status":"open","sticky":false,"template":"","format":"standard","meta":{"_lmt_disableupdate":"","_lmt_disable":"","_jetpack_memberships_contains_paid_content":false,"footnotes":""},"categories":[109,46],"tags":[1653],"class_list":["post-45010","post","type-post","status-publish","format-standard","has-post-thumbnail","hentry","category-minuto-a-minuto","category-zona-blanca","tag-seccion-35-sindicato-nacional-de-trabajadores-de-la-secretaria-de-salud"],"jetpack_featured_media_url":"https:\/\/zonaroja.com.mx\/wp-content\/uploads\/2022\/08\/Convocatoria-eleccion-Seccion-35.jpeg","jetpack_sharing_enabled":true,"_links":{"self":[{"href":"https:\/\/zonaroja.com.mx\/index.php?rest_route=\/wp\/v2\/posts\/45010","targetHints":{"allow":["GET"]}}],"collection":[{"href":"https:\/\/zonaroja.com.mx\/index.php?rest_route=\/wp\/v2\/posts"}],"about":[{"href":"https:\/\/zonaroja.com.mx\/index.php?rest_route=\/wp\/v2\/types\/post"}],"author":[{"embeddable":true,"href":"https:\/\/zonaroja.com.mx\/index.php?rest_route=\/wp\/v2\/users\/2"}],"replies":[{"embeddable":true,"href":"https:\/\/zonaroja.com.mx\/index.php?rest_route=%2Fwp%2Fv2%2Fcomments&post=45010"}],"version-history":[{"count":1,"href":"https:\/\/zonaroja.com.mx\/index.php?rest_route=\/wp\/v2\/posts\/45010\/revisions"}],"predecessor-version":[{"id":45012,"href":"https:\/\/zonaroja.com.mx\/index.php?rest_route=\/wp\/v2\/posts\/45010\/revisions\/45012"}],"wp:featuredmedia":[{"embeddable":true,"href":"https:\/\/zonaroja.com.mx\/index.php?rest_route=\/wp\/v2\/media\/45011"}],"wp:attachment":[{"href":"https:\/\/zonaroja.com.mx\/index.php?rest_route=%2Fwp%2Fv2%2Fmedia&parent=45010"}],"wp:term":[{"taxonomy":"category","embeddable":true,"href":"https:\/\/zonaroja.com.mx\/index.php?rest_route=%2Fwp%2Fv2%2Fcategories&post=45010"},{"taxonomy":"post_tag","embeddable":true,"href":"https:\/\/zonaroja.com.mx\/index.php?rest_route=%2Fwp%2Fv2%2Ftags&post=45010"}],"curies":[{"name":"wp","href":"https:\/\/api.w.org\/{rel}","templated":true}]}}