{"id":45013,"date":"2022-08-24T16:08:19","date_gmt":"2022-08-24T21:08:19","guid":{"rendered":"https:\/\/www.zonaroja.com.mx\/?p=45013"},"modified":"2022-08-24T16:10:33","modified_gmt":"2022-08-24T21:10:33","slug":"no-me-pegues-dijo-abigail-dentro-de-los-separos-dice-esposo-ya-hay-4-detenidos","status":"publish","type":"post","link":"https:\/\/zonaroja.com.mx\/?p=45013","title":{"rendered":"\u201c\u00a1No me pegues\u201d, dijo Abigail dentro de los separos, dice esposo; ya hay 4 detenidos"},"content":{"rendered":"\n<p>Yuridiana Sosa\/Zona Roja<\/p>\n\n\n\n<p>Oaxaca de Ju\u00e1rez, Oax., a 24 de agosto de 2022.- Abigail Hay Urrutia grit\u00f3 en repetidas ocasiones \u201cno me pegues, no me est\u00e9s pegando\u201d, declar\u00f3 su esposo, Kleiver Nazario Espinoza Hern\u00e1ndez, quien apunt\u00f3 que tras ese evento se fue de los separos municipales por miedo a ser detenido.&nbsp;<\/p>\n\n\n\n<p>En medio de las investigaciones para esclarecer el probable feminicidio de Abigail dentro de los separos en Salina Cruz el pasado 19 de agosto y tras una protesta en la sede de la Fiscal\u00eda local de ese municipio, el se\u00f1or Kleiver Espinoza habl\u00f3 sobre la parte de los hechos en los que tambi\u00e9n particip\u00f3.<\/p>\n\n\n\n<p>La \u00faltima vez que vio con vida a Abigail fue a su ingreso a la comandancia municipal, tras bajar ambos de la patrulla en la que hab\u00eda sido detenida su esposa por una supuesta falta administrativa tras un problema de pareja en la v\u00eda p\u00fablica, cuando estaban dentro de un veh\u00edculo.&nbsp;<\/p>\n\n\n\n<p>El hombre apunt\u00f3 que desde la parte exterior de los separos escuch\u00f3 a la joven madre gritar \u201cno me pegues, no me est\u00e9s pegando\u201d, al menos en unas seis veces seguidas.&nbsp;<\/p>\n\n\n\n<p>Cuando pregunt\u00f3 qu\u00e9 pasaba solo le dijeron que esperara, despu\u00e9s le ordenaron que se retirara y se fue.&nbsp;<\/p>\n\n\n\n<p>\u201cPor miedo me tuve que retirar, no quer\u00eda que me detuvieran, ten\u00eda planeado volver unas horas m\u00e1s tarde, o considerar un momento en el que ella ya estuviera un poco m\u00e1s tranquila y ellos pudieran permitirme sacarla\u201d, indic\u00f3 Espinoza Hern\u00e1ndez en entrevista colectiva en Salina Cruz.&nbsp;<\/p>\n\n\n\n<p>Sobre la muerte de Abigail, asegura que la Polic\u00eda Municipal no le notific\u00f3 nada a \u00e9l.<\/p>\n\n\n\n<p>MOMENTO DE LA DETENCI\u00d3N<\/p>\n\n\n\n<p>\u201cYo no la entregu\u00e9. No la entregu\u00e9\u201d, dijo en su defensa el hombre, quien en un video que se difundi\u00f3 sobre la detenci\u00f3n de Abigail se muestra que \u00e9l no realiz\u00f3 intentos por evitar la detenci\u00f3n, mientras que ella se aferra a no ser llevada.&nbsp;<\/p>\n\n\n\n<p>Con los brazos abiertos, sin tocar a Abigail, Kleiver avanz\u00f3 hasta la patrulla 069 mientras su esposa se sujetaba a \u00e9l de la camisa y con una pierna enrollaba la de \u00e9l y una mujer polic\u00eda la jalaba sujet\u00e1ndola del torso.&nbsp;<\/p>\n\n\n\n<p>\u201cNo ped\u00ed que se llevaran\u201d, agreg\u00f3&nbsp; Kleiver Espinoza en entrevista colectiva, donde dijo que \u00e9l tampoco llam\u00f3 a la polic\u00eda.&nbsp;<\/p>\n\n\n\n<p>Mientras ellos transitaban dentro del veh\u00edculo elementos a bordo de dos patrullas municipales les dieron alcance para frenar la marcha y les preguntaron qu\u00e9 suced\u00eda.&nbsp;<\/p>\n\n\n\n<p>Apunt\u00f3 que no se percat\u00f3 c\u00f3mo es que ocurri\u00f3 el momento en que descendieron del veh\u00edculo, as\u00ed como tambi\u00e9n desconoce por qu\u00e9 solo la detuvieron a ella.&nbsp;<\/p>\n\n\n\n<p>\u201cS\u00ed, hubo diferencias como cualquier otra pareja, pero no ped\u00ed que se la llevaran\u201d, sostiene.<\/p>\n\n\n\n<p>\u201cYo quiero que ella descanse, que su alma pueda descansar\u201d, agreg\u00f3, pues Abigail a\u00fan no es sepultada por las diversas indagatorias que a\u00fan se realizan.<\/p>\n\n\n\n<p>La hermana de Abigail, Magi Hay Urrutia public\u00f3 que por intervenci\u00f3n de la Fiscal\u00eda General de Oaxaca un equipo imparcial de especialistas, proveniente del estado de Campeche, viaja hasta Salina Cruz para realizar m\u00e1s indagatorias para esclarecer el caso y un tercer peritaje.<\/p>\n\n\n\n<p>APREHENDEN A FUNCIONARIOS&nbsp;<\/p>\n\n\n\n<p>Este mi\u00e9rcoles, tras la separaci\u00f3n del cargo del Juez C\u00edvico de Salina Cruz, Joel Luis V\u00e1zquez, se registr\u00f3 su detenci\u00f3n por parte de la Fiscal\u00eda General de Oaxaca.<\/p>\n\n\n\n<p>El ex juez permanec\u00eda escondido en las oficinas de la S\u00edndico Municipal Cibeles Chi\u00f1as.<\/p>\n\n\n\n<p>Adem\u00e1s, se report\u00f3 la detenci\u00f3n de tres elementos de la Polic\u00eda Municipal, quienes en su conjunto fueron trasladados a la Vicefiscal\u00eda Regional con sede en Juchit\u00e1n.<\/p>\n","protected":false},"excerpt":{"rendered":"<p>Yuridiana Sosa\/Zona Roja Oaxaca de Ju\u00e1rez, Oax., a 24 de agosto de 2022.- Abigail Hay&hellip;<\/p>\n","protected":false},"author":2,"featured_media":44980,"comment_status":"closed","ping_status":"open","sticky":false,"template":"","format":"standard","meta":{"_lmt_disableupdate":"","_lmt_disable":"","_jetpack_memberships_contains_paid_content":false,"footnotes":""},"categories":[109,47],"tags":[],"class_list":["post-45013","post","type-post","status-publish","format-standard","has-post-thumbnail","hentry","category-minuto-a-minuto","category-zona-gris"],"jetpack_featured_media_url":"https:\/\/zonaroja.com.mx\/wp-content\/uploads\/2022\/08\/Sepelio-Abigail-Hay-Urrutia.jpg","jetpack_sharing_enabled":true,"_links":{"self":[{"href":"https:\/\/zonaroja.com.mx\/index.php?rest_route=\/wp\/v2\/posts\/45013","targetHints":{"allow":["GET"]}}],"collection":[{"href":"https:\/\/zonaroja.com.mx\/index.php?rest_route=\/wp\/v2\/posts"}],"about":[{"href":"https:\/\/zonaroja.com.mx\/index.php?rest_route=\/wp\/v2\/types\/post"}],"author":[{"embeddable":true,"href":"https:\/\/zonaroja.com.mx\/index.php?rest_route=\/wp\/v2\/users\/2"}],"replies":[{"embeddable":true,"href":"https:\/\/zonaroja.com.mx\/index.php?rest_route=%2Fwp%2Fv2%2Fcomments&post=45013"}],"version-history":[{"count":1,"href":"https:\/\/zonaroja.com.mx\/index.php?rest_route=\/wp\/v2\/posts\/45013\/revisions"}],"predecessor-version":[{"id":45014,"href":"https:\/\/zonaroja.com.mx\/index.php?rest_route=\/wp\/v2\/posts\/45013\/revisions\/45014"}],"wp:featuredmedia":[{"embeddable":true,"href":"https:\/\/zonaroja.com.mx\/index.php?rest_route=\/wp\/v2\/media\/44980"}],"wp:attachment":[{"href":"https:\/\/zonaroja.com.mx\/index.php?rest_route=%2Fwp%2Fv2%2Fmedia&parent=45013"}],"wp:term":[{"taxonomy":"category","embeddable":true,"href":"https:\/\/zonaroja.com.mx\/index.php?rest_route=%2Fwp%2Fv2%2Fcategories&post=45013"},{"taxonomy":"post_tag","embeddable":true,"href":"https:\/\/zonaroja.com.mx\/index.php?rest_route=%2Fwp%2Fv2%2Ftags&post=45013"}],"curies":[{"name":"wp","href":"https:\/\/api.w.org\/{rel}","templated":true}]}}