{"id":45018,"date":"2022-08-24T20:53:28","date_gmt":"2022-08-25T01:53:28","guid":{"rendered":"http:\/\/www.zonaroja.com.mx\/?p=45018"},"modified":"2022-08-24T20:53:30","modified_gmt":"2022-08-25T01:53:30","slug":"sin-anuencia-del-pri-comparecera-fiscal-de-oaxaca-ante-diputados","status":"publish","type":"post","link":"https:\/\/zonaroja.com.mx\/?p=45018","title":{"rendered":"Sin anuencia del PRI, comparecer\u00e1 fiscal de Oaxaca ante diputados"},"content":{"rendered":"\n<p>Redacci\u00f3n\/Zona Roja.&nbsp;<\/p>\n\n\n\n<p>Oaxaca de Ju\u00e1rez, Oax., a 24 de agosto de 2022.- Sin la anuencia de la fracci\u00f3n parlamentaria del PRI, el pr\u00f3ximo 30 de agosto el titular de la Fiscal\u00eda General del Estado de Oaxaca (FGEO) comparecer\u00e1 ante integrantes de la 65 Legislatura del Congreso del Estado.<\/p>\n\n\n\n<p>Mediante la Mesa Directiva se dio a lectura al acuerdo tomado por la mayor\u00eda de integrantes de la Junta de Coordinaci\u00f3n Pol\u00edtica (Jucopo), que encabeza la morenista Laura Estrada Mauro.<\/p>\n\n\n\n<p>No obstante, la bancada priista no firm\u00f3 el acuerdo:<\/p>\n\n\n\n<p>\u201cToda vez que en este acuerdo no viene la firma de su servidor, coordinador de la fracci\u00f3n del PRI, pido que saquen las intervenciones de esa comparecencia del grupo parlamentario\u2026 para que se pudiera modificar el acuerdo\u201d, dijo Alejandro Avil\u00e9s \u00c1lvarez durante la sesi\u00f3n ordinaria de hoy.<\/p>\n\n\n\n<p>-Se toma nota, diputado -respondi\u00f3 la responsable de la Mesa Directiva, Hayde\u00e9 Reyes Soto, en ausencia de la presidenta Mariana Ben\u00edtez Tiburcio.<\/p>\n\n\n\n<p>-No, no que se tome nota, que se modifique el acuerdo antes que se apruebe -devolvi\u00f3 el legislador.<\/p>\n\n\n\n<p>-Es que no se va a someter a votaci\u00f3n.<\/p>\n\n\n\n<p>-Pero de todos modos, que quede conocimiento.<\/p>\n\n\n\n<p>-Queda asentada su participaci\u00f3n y se puede hacer la modificaci\u00f3n\u2026<\/p>\n\n\n\n<figure class=\"wp-block-embed is-type-rich is-provider-twitter wp-block-embed-twitter\"><div class=\"wp-block-embed__wrapper\">\n<div class=\"twitter-tweet\"><blockquote class=\"twitter-tweet\" data-lang=\"es\"><p lang=\"es\" dir=\"ltr\">2. No obstante, el coordinador de la bancada del PRI, <a href=\"https:\/\/twitter.com\/_AvilesAlvarez?ref_src=twsrc%5Etfw\">@_AvilesAlvarez<\/a>, dijo que no firm\u00f3 el acuerdo. <br>Por lo cual pidi\u00f3 se modifique y se retire la participaci\u00f3n de los diputados de la fracci\u00f3n que encabeza, de la comparecencia del titular de la <a href=\"https:\/\/twitter.com\/FISCALIA_GobOax?ref_src=twsrc%5Etfw\">@FISCALIA_GobOax<\/a>. <a href=\"https:\/\/t.co\/lEuI4IZW4f\">pic.twitter.com\/lEuI4IZW4f<\/a><\/p>&mdash; Zona Roja Oaxaca (@ZonaRoja_Oaxaca) <a href=\"https:\/\/twitter.com\/ZonaRoja_Oaxaca\/status\/1562529393494605827?ref_src=twsrc%5Etfw\">24 de agosto de 2022<\/a><\/blockquote><\/div>\n<\/div><\/figure>\n\n\n\n<p>Sin votaci\u00f3n, el acuerdo de la Jucopo fue dado a conocer para que el fiscal informe sobre las acciones tomadas por la instancia a su cargo sobre las denuncias presentadas de los delitos en el estado, principalmente de feminicidios y despojo de inmuebles.<\/p>\n\n\n\n<p>Ser\u00e1 ante la Comisi\u00f3n Permanente de Administraci\u00f3n y Procuraci\u00f3n de Justicia el 30 de agosto del presente a\u00f1o a las 12:00 horas, en el recinto del Poder Legislativo.<\/p>\n\n\n\n<p>De acuerdo con un comunicado, el fiscal deber\u00e1 de informar sobre los avances y resultados obtenidos en materia de procuraci\u00f3n de justicia ante el incremento de los delitos de feminicidio, desaparici\u00f3n de personas, desplazamiento forzado, asignaci\u00f3n irregular de veh\u00edculos consignados o asegurados.<\/p>\n\n\n\n<p>As\u00ed como de despojo de inmuebles, delitos contra el patrimonio y suplantaci\u00f3n de identidad; y respecto a ello, tambi\u00e9n tendr\u00e1 que detallar sobre los casos denunciados por la familia Conzatti en contra de servidores p\u00fablicos de la Direcci\u00f3n del Registro Civil, del Instituto de la Funci\u00f3n Registral del Estado, del Instituto Catastral del Estado y de la Direcci\u00f3n General de Notar\u00edas.<\/p>\n","protected":false},"excerpt":{"rendered":"<p>Redacci\u00f3n\/Zona Roja.&nbsp; Oaxaca de Ju\u00e1rez, Oax., a 24 de agosto de 2022.- Sin la anuencia&hellip;<\/p>\n","protected":false},"author":2,"featured_media":45019,"comment_status":"closed","ping_status":"open","sticky":false,"template":"","format":"standard","meta":{"_lmt_disableupdate":"","_lmt_disable":"","_jetpack_memberships_contains_paid_content":false,"footnotes":""},"categories":[109,46],"tags":[2743],"class_list":["post-45018","post","type-post","status-publish","format-standard","has-post-thumbnail","hentry","category-minuto-a-minuto","category-zona-blanca","tag-65-legislatura-del-estado-de-oaxaca"],"jetpack_featured_media_url":"https:\/\/zonaroja.com.mx\/wp-content\/uploads\/2022\/08\/Sesion-Congreso-del-Estado.jpeg","jetpack_sharing_enabled":true,"_links":{"self":[{"href":"https:\/\/zonaroja.com.mx\/index.php?rest_route=\/wp\/v2\/posts\/45018","targetHints":{"allow":["GET"]}}],"collection":[{"href":"https:\/\/zonaroja.com.mx\/index.php?rest_route=\/wp\/v2\/posts"}],"about":[{"href":"https:\/\/zonaroja.com.mx\/index.php?rest_route=\/wp\/v2\/types\/post"}],"author":[{"embeddable":true,"href":"https:\/\/zonaroja.com.mx\/index.php?rest_route=\/wp\/v2\/users\/2"}],"replies":[{"embeddable":true,"href":"https:\/\/zonaroja.com.mx\/index.php?rest_route=%2Fwp%2Fv2%2Fcomments&post=45018"}],"version-history":[{"count":1,"href":"https:\/\/zonaroja.com.mx\/index.php?rest_route=\/wp\/v2\/posts\/45018\/revisions"}],"predecessor-version":[{"id":45020,"href":"https:\/\/zonaroja.com.mx\/index.php?rest_route=\/wp\/v2\/posts\/45018\/revisions\/45020"}],"wp:featuredmedia":[{"embeddable":true,"href":"https:\/\/zonaroja.com.mx\/index.php?rest_route=\/wp\/v2\/media\/45019"}],"wp:attachment":[{"href":"https:\/\/zonaroja.com.mx\/index.php?rest_route=%2Fwp%2Fv2%2Fmedia&parent=45018"}],"wp:term":[{"taxonomy":"category","embeddable":true,"href":"https:\/\/zonaroja.com.mx\/index.php?rest_route=%2Fwp%2Fv2%2Fcategories&post=45018"},{"taxonomy":"post_tag","embeddable":true,"href":"https:\/\/zonaroja.com.mx\/index.php?rest_route=%2Fwp%2Fv2%2Ftags&post=45018"}],"curies":[{"name":"wp","href":"https:\/\/api.w.org\/{rel}","templated":true}]}}