{"id":45021,"date":"2022-08-24T21:45:22","date_gmt":"2022-08-25T02:45:22","guid":{"rendered":"http:\/\/www.zonaroja.com.mx\/?p=45021"},"modified":"2022-08-24T21:45:25","modified_gmt":"2022-08-25T02:45:25","slug":"la-justicia-del-hombre-no-me-va-a-devolver-a-mi-hija-padre-de-abigail","status":"publish","type":"post","link":"https:\/\/zonaroja.com.mx\/?p=45021","title":{"rendered":"\u201cLa justicia del hombre no me va a devolver a mi hija\u201d: padre de Abigail"},"content":{"rendered":"\n<p>Ismael Garc\u00eda M.\/Zona Roja. Fotos: Cortes\u00eda<\/p>\n\n\n\n<p>Oaxaca de Ju\u00e1rez, Oax., a 24 de agosto de 2022.- Una a una, las prendas que gustaba vestir Abigail fueron colocadas encima del f\u00e9retro, antes de las paladas de tierra.<\/p>\n\n\n\n<p>Una a una, fueron puestas con cuidado; una blusa rosa, una falda floreada; los tenis blancos que tango le gustaban, puestas en el interior de la tumba, a punto de cubrir con tierra el ata\u00fad.<\/p>\n\n\n\n<p>As\u00ed fue el \u00faltimo adi\u00f3s a la joven, que muri\u00f3 en circunstancias extra\u00f1as en una celda de los separos del municipio de Salina Cruz. Cinco d\u00edas despu\u00e9s, por fin ella descans\u00f3. Viento fresco en el pante\u00f3n municipal, cubierto de llanto y dolor.<\/p>\n\n\n\n<p>Al fondo, \u201cTe extra\u00f1ar\u00e9\u201d, la melod\u00eda de Tercer Cielo, que hizo m\u00e1s doloroso el adi\u00f3s:<\/p>\n\n\n\n<p>\u201cOjal\u00e1 pudiera devolver el tiempo, para verte de nuevo, para darte un abrazo, y nunca soltarte. M\u00e1s comprendo que lleg\u00f3 tu tiempo, que Dios te ha llamado, para estar a su lado, as\u00ed el lo quizo. Pero yo nunca pens\u00e9 que doliera tanto\u201d\u2026<\/p>\n\n\n\n<p>JUSTICIA DIVINA<\/p>\n\n\n\n<p>Momentos antes de salir de casa, don Jos\u00e9 Luis Hay, el padre de la joven mujer, pronunci\u00f3 una oraci\u00f3n:<\/p>\n\n\n\n<p>\u201cS\u00f3lo por lo bueno, y no por lo malo; tuya es la justicia y tuya es la venganza Dios. T\u00fa les dar\u00e1s el pago. La justicia del hombre son como trapos de inmundicia.&nbsp;<\/p>\n\n\n\n<p>\u201cLa justicia del hombre no me va a devolver a mi hija, que ha dejado a dos ni\u00f1os. Era mi compa\u00f1era, porque viv\u00edamos juntos los cuatro. Pero yo s\u00e9 que t\u00fa, Se\u00f1or, me dar\u00e1s la paz y la tranquilidad para soportar este dolor.<\/p>\n\n\n\n<figure class=\"wp-block-embed is-type-rich is-provider-twitter wp-block-embed-twitter\"><div class=\"wp-block-embed__wrapper\">\n<div class=\"twitter-tweet\"><blockquote class=\"twitter-tweet\" data-lang=\"es\"><p lang=\"es\" dir=\"ltr\"><a href=\"https:\/\/twitter.com\/hashtag\/%C3%9AltimoMinuto?src=hash&amp;ref_src=twsrc%5Etfw\">#\u00daltimoMinuto<\/a> <br>Por fin ya descansa <a href=\"https:\/\/twitter.com\/hashtag\/Abigail?src=hash&amp;ref_src=twsrc%5Etfw\">#Abigail<\/a> H. U. en su \u00faltima morada, en Salina Cruz, <a href=\"https:\/\/twitter.com\/hashtag\/Oaxaca?src=hash&amp;ref_src=twsrc%5Etfw\">#Oaxaca<\/a>. <br>Entre l\u00e1grimas y clamor de justicia fue el sepelio esta tarde, a cinco d\u00edas de su fallecimiento. <br>La <a href=\"https:\/\/twitter.com\/FISCALIA_GobOax?ref_src=twsrc%5Etfw\">@FISCALIA_GobOax<\/a> contin\u00faa con las investigaciones:<br>Video: <a href=\"https:\/\/twitter.com\/edwin_meneses81?ref_src=twsrc%5Etfw\">@edwin_meneses81<\/a>. <a href=\"https:\/\/t.co\/BLdYcgxrVZ\">pic.twitter.com\/BLdYcgxrVZ<\/a><\/p>&mdash; Zona Roja Oaxaca (@ZonaRoja_Oaxaca) <a href=\"https:\/\/twitter.com\/ZonaRoja_Oaxaca\/status\/1562591111025414144?ref_src=twsrc%5Etfw\">25 de agosto de 2022<\/a><\/blockquote><\/div>\n<\/div><\/figure>\n\n\n\n<p>\u201cEn el nombre poderoso de Jes\u00fas, recibe a mi hija all\u00e1 en tu reino, all\u00e1 en los cielos Padre. Nada compensa el dolor si t\u00fa no nos das el alivio. S\u00f3lo t\u00fa Se\u00f1or, nos das la paz y la tranquilidad. Nos das la fuerza para soportar la p\u00e9rdida de un ser amado, de una hija. S\u00f3lo t\u00fa Se\u00f1or conoces nuestros corazones\u201d.<\/p>\n\n\n\n<p>Camino al camposanto, gritos de dolor de la familia. Pero tambi\u00e9n clamor de justicia de los allegados a la familia. Dos fotograf\u00edas de Abigail, adelante del f\u00e9retro gris, con vivos blancos.<\/p>\n\n\n\n<p>Ya en el pante\u00f3n, mientras la tierra esperaba a la joven, m\u00e1s oraciones para reconfortar el alma; para pedir por ella, en su viaje eterno.<\/p>\n\n\n\n<p>\u201cLa honramos Padre. Te la entregamos, y te pedimos por sus hijos que son tus hijos. Resguarda sus corazones, alma y vida, para que sean ni\u00f1os de bien. Bendice a la familia Hay Urrutia, bendice a mis padres, y bendice nuestra alma. Y bendice su alma. \u00a1Am\u00e9n!\u201d.<\/p>\n\n\n\n<p>TRISTE ADI\u00d3S<\/p>\n\n\n\n<p>Vino el dep\u00f3sito del f\u00e9retro. Las paladas, una a una, cruel golpe a los corazones de los asistentes y de los ausentes.<\/p>\n\n\n\n<p>Al fondo resonaba la canci\u00f3n \u201cTe extra\u00f1ar\u00e9\u201d, que hizo m\u00e1s triste el adi\u00f3s:<\/p>\n\n\n\n<p>\u201cOjal\u00e1 pudiera devolver el tiempo, para verte de nuevo, para darte un abrazo, y nunca soltarte. M\u00e1s comprendo que lleg\u00f3 tu tiempo, que Dios te ha llamado, para estar a su lado, as\u00ed el lo quizo. Pero yo nunca pens\u00e9 que doliera tanto\u201d\u2026<\/p>\n\n\n\n<p>Ya se fue Abigail. Ya descansa. Adi\u00f3s Abigail. Adi\u00f3s joven. Adi\u00f3s madre.\u00a0<\/p>\n\n\n\n<figure class=\"wp-block-image size-large\"><a href=\"http:\/\/www.zonaroja.com.mx\/wp-content\/uploads\/2022\/08\/Sepelio-Abigail-Salina-Cruz.jpeg\" data-rel=\"penci-gallery-image-content\" ><img decoding=\"async\" width=\"1024\" height=\"576\" src=\"http:\/\/www.zonaroja.com.mx\/wp-content\/uploads\/2022\/08\/Sepelio-Abigail-Salina-Cruz-1024x576.jpeg\" alt=\"\" class=\"wp-image-45023\" srcset=\"https:\/\/zonaroja.com.mx\/wp-content\/uploads\/2022\/08\/Sepelio-Abigail-Salina-Cruz-1024x576.jpeg 1024w, https:\/\/zonaroja.com.mx\/wp-content\/uploads\/2022\/08\/Sepelio-Abigail-Salina-Cruz-300x169.jpeg 300w, https:\/\/zonaroja.com.mx\/wp-content\/uploads\/2022\/08\/Sepelio-Abigail-Salina-Cruz-768x432.jpeg 768w, https:\/\/zonaroja.com.mx\/wp-content\/uploads\/2022\/08\/Sepelio-Abigail-Salina-Cruz-1536x864.jpeg 1536w, https:\/\/zonaroja.com.mx\/wp-content\/uploads\/2022\/08\/Sepelio-Abigail-Salina-Cruz-1170x658.jpeg 1170w, https:\/\/zonaroja.com.mx\/wp-content\/uploads\/2022\/08\/Sepelio-Abigail-Salina-Cruz-585x329.jpeg 585w, https:\/\/zonaroja.com.mx\/wp-content\/uploads\/2022\/08\/Sepelio-Abigail-Salina-Cruz.jpeg 1599w\" sizes=\"(max-width: 1024px) 100vw, 1024px\" \/><\/a><\/figure>\n","protected":false},"excerpt":{"rendered":"<p>Ismael Garc\u00eda M.\/Zona Roja. Fotos: Cortes\u00eda Oaxaca de Ju\u00e1rez, Oax., a 24 de agosto de&hellip;<\/p>\n","protected":false},"author":2,"featured_media":45022,"comment_status":"closed","ping_status":"open","sticky":false,"template":"","format":"standard","meta":{"_lmt_disableupdate":"","_lmt_disable":"","_jetpack_memberships_contains_paid_content":false,"footnotes":""},"categories":[109,47],"tags":[3234],"class_list":["post-45021","post","type-post","status-publish","format-standard","has-post-thumbnail","hentry","category-minuto-a-minuto","category-zona-gris","tag-abigail-hay-urrutia"],"jetpack_featured_media_url":"https:\/\/zonaroja.com.mx\/wp-content\/uploads\/2022\/08\/Sepelio-Abigail-Salina-Cruz.jpg","jetpack_sharing_enabled":true,"_links":{"self":[{"href":"https:\/\/zonaroja.com.mx\/index.php?rest_route=\/wp\/v2\/posts\/45021","targetHints":{"allow":["GET"]}}],"collection":[{"href":"https:\/\/zonaroja.com.mx\/index.php?rest_route=\/wp\/v2\/posts"}],"about":[{"href":"https:\/\/zonaroja.com.mx\/index.php?rest_route=\/wp\/v2\/types\/post"}],"author":[{"embeddable":true,"href":"https:\/\/zonaroja.com.mx\/index.php?rest_route=\/wp\/v2\/users\/2"}],"replies":[{"embeddable":true,"href":"https:\/\/zonaroja.com.mx\/index.php?rest_route=%2Fwp%2Fv2%2Fcomments&post=45021"}],"version-history":[{"count":1,"href":"https:\/\/zonaroja.com.mx\/index.php?rest_route=\/wp\/v2\/posts\/45021\/revisions"}],"predecessor-version":[{"id":45024,"href":"https:\/\/zonaroja.com.mx\/index.php?rest_route=\/wp\/v2\/posts\/45021\/revisions\/45024"}],"wp:featuredmedia":[{"embeddable":true,"href":"https:\/\/zonaroja.com.mx\/index.php?rest_route=\/wp\/v2\/media\/45022"}],"wp:attachment":[{"href":"https:\/\/zonaroja.com.mx\/index.php?rest_route=%2Fwp%2Fv2%2Fmedia&parent=45021"}],"wp:term":[{"taxonomy":"category","embeddable":true,"href":"https:\/\/zonaroja.com.mx\/index.php?rest_route=%2Fwp%2Fv2%2Fcategories&post=45021"},{"taxonomy":"post_tag","embeddable":true,"href":"https:\/\/zonaroja.com.mx\/index.php?rest_route=%2Fwp%2Fv2%2Ftags&post=45021"}],"curies":[{"name":"wp","href":"https:\/\/api.w.org\/{rel}","templated":true}]}}