{"id":4503,"date":"2019-10-03T07:30:28","date_gmt":"2019-10-03T12:30:28","guid":{"rendered":"http:\/\/www.zonaroja.com.mx\/?p=4503"},"modified":"2019-10-03T07:30:30","modified_gmt":"2019-10-03T12:30:30","slug":"enesimo-feminicidio-en-oaxaca-deguellan-a-mujer-y-la-tiran-a-un-pozo","status":"publish","type":"post","link":"https:\/\/zonaroja.com.mx\/?p=4503","title":{"rendered":"En\u00e9simo feminicidio en Oaxaca: deg\u00fcellan a mujer y la tiran a un pozo"},"content":{"rendered":"\n<p>Redacci\u00f3n\/Zona Roja.<\/p>\n\n\n\n<p>Oaxaca de Ju\u00e1rez, Oax., 3 de octubre de\n2019.- Una mujer fue golpeada, asesinada y tirada a un pozo artesiano en\nZimatl\u00e1n de \u00c1lvarez, municipio de la regi\u00f3n Valles Centrales de Oaxaca.<\/p>\n\n\n\n<p>El cuerpo, que presenta huellas de\nviolencia y una lesi\u00f3n en el cuello, adem\u00e1s de estar semindesnuda, fue\nrescatado la ma\u00f1ana de ayer mi\u00e9rcoles en el interior de un poso de al menos 20\nmetros de profundidad, en el patio de su domicilio, en la privada de Valerio\nTrujano del barrio San Juan.<\/p>\n\n\n\n<p>De acuerdo con reportes policiacos, Julia\nH.S.S., de 63 a\u00f1os de edad, fue reportada como desaparecida y por lo cual la\npolic\u00eda inici\u00f3 con las investigaciones.<\/p>\n\n\n\n<p>Al indagar en su casa, hallaron huellas\nde violencia y manchas de sangre, por lo cual comenzaron a revisar toda la\nzona. Al asomarse al pozo fue que identificaron un cuerpo en su interior.<\/p>\n\n\n\n<p>Personal del Heroico Cuerpo de Bomberos\nacudi\u00f3 a la zona para rescatar a la v\u00edctima.<\/p>\n\n\n\n<p>Elementos del \u00e1rea de feminicidios de\nla Fiscal\u00eda General del Estado iniciaron las investigaciones para dar con el\nparadero del o los responsables del asesinato.<\/p>\n","protected":false},"excerpt":{"rendered":"<p>Redacci\u00f3n\/Zona Roja. Oaxaca de Ju\u00e1rez, Oax., 3 de octubre de 2019.- Una mujer fue golpeada,&hellip;<\/p>\n","protected":false},"author":2,"featured_media":4505,"comment_status":"closed","ping_status":"open","sticky":false,"template":"","format":"standard","meta":{"_lmt_disableupdate":"","_lmt_disable":"","_jetpack_memberships_contains_paid_content":false,"footnotes":""},"categories":[109,51],"tags":[610,802],"class_list":["post-4503","post","type-post","status-publish","format-standard","has-post-thumbnail","hentry","category-minuto-a-minuto","category-zona-roja","tag-feminicidios-oaxaca","tag-zimatlan-de-alvarez"],"jetpack_featured_media_url":"https:\/\/zonaroja.com.mx\/wp-content\/uploads\/2019\/10\/PHOTO-2019-10-02-21-54-47-1.jpg","jetpack_sharing_enabled":true,"_links":{"self":[{"href":"https:\/\/zonaroja.com.mx\/index.php?rest_route=\/wp\/v2\/posts\/4503","targetHints":{"allow":["GET"]}}],"collection":[{"href":"https:\/\/zonaroja.com.mx\/index.php?rest_route=\/wp\/v2\/posts"}],"about":[{"href":"https:\/\/zonaroja.com.mx\/index.php?rest_route=\/wp\/v2\/types\/post"}],"author":[{"embeddable":true,"href":"https:\/\/zonaroja.com.mx\/index.php?rest_route=\/wp\/v2\/users\/2"}],"replies":[{"embeddable":true,"href":"https:\/\/zonaroja.com.mx\/index.php?rest_route=%2Fwp%2Fv2%2Fcomments&post=4503"}],"version-history":[{"count":1,"href":"https:\/\/zonaroja.com.mx\/index.php?rest_route=\/wp\/v2\/posts\/4503\/revisions"}],"predecessor-version":[{"id":4506,"href":"https:\/\/zonaroja.com.mx\/index.php?rest_route=\/wp\/v2\/posts\/4503\/revisions\/4506"}],"wp:featuredmedia":[{"embeddable":true,"href":"https:\/\/zonaroja.com.mx\/index.php?rest_route=\/wp\/v2\/media\/4505"}],"wp:attachment":[{"href":"https:\/\/zonaroja.com.mx\/index.php?rest_route=%2Fwp%2Fv2%2Fmedia&parent=4503"}],"wp:term":[{"taxonomy":"category","embeddable":true,"href":"https:\/\/zonaroja.com.mx\/index.php?rest_route=%2Fwp%2Fv2%2Fcategories&post=4503"},{"taxonomy":"post_tag","embeddable":true,"href":"https:\/\/zonaroja.com.mx\/index.php?rest_route=%2Fwp%2Fv2%2Ftags&post=4503"}],"curies":[{"name":"wp","href":"https:\/\/api.w.org\/{rel}","templated":true}]}}