{"id":45031,"date":"2022-08-25T09:32:00","date_gmt":"2022-08-25T14:32:00","guid":{"rendered":"http:\/\/www.zonaroja.com.mx\/?p=45031"},"modified":"2022-08-25T15:02:21","modified_gmt":"2022-08-25T20:02:21","slug":"congreso-de-oaxaca-es-omiso-e-hipocrita-con-infancias-afirma-diputada","status":"publish","type":"post","link":"https:\/\/zonaroja.com.mx\/?p=45031","title":{"rendered":"Congreso de Oaxaca es omiso e hip\u00f3crita con infancias, afirma diputada"},"content":{"rendered":"\n<p>Redacci\u00f3n\/Zona Roja.<\/p>\n\n\n\n<p>Oaxaca de Ju\u00e1rez, Oax., a 25 de agosto de 2022.-&nbsp; La Mesa Directiva de la 65 Legislatura del Congreso local le dio la espalda a las infancias en Oaxaca, quienes actualmente sufren los estragos del terrible problema de trata de personas en la capital del estado.&nbsp;<\/p>\n\n\n\n<p>As\u00ed lo expuso la diputada del grupo parlamentario de la Cuarta Transformaci\u00f3n, Concepeci\u00f3n Rueda G\u00f3mez, al presentar ante el pleno un exhorto al gobernador Alejandro Murat Hinojosa; a la titular de la Secretar\u00eda de Seguridad P\u00fablica, Dalia Ba\u00f1os Noyola; de la Fiscal\u00eda General del Estado, Arturo Peimbert Calvo, y al presidente municipal de Oaxaca de Ju\u00e1rez, Francisco Mart\u00ednez Neri.<\/p>\n\n\n\n<p>Ello para que, en el ejercicio de sus respectivas atribuciones, se investigue, desarticule y se castigue las redes de trata de personas, en perjuicio de ni\u00f1as, ni\u00f1os y adolescentes, principalmente de origen Tzotzil, que operan bajo total impunidad en el municipio de Oaxaca de Ju\u00e1rez.<\/p>\n\n\n\n<p>\u201cNo podemos ser omisos ni callar ante la violencia que hoy sufren estas ni\u00f1as, ni\u00f1os y j\u00f3venes, que deber\u00edan estar con su familia, estudiando y viviendo una infancia plena, en lugar de ser explotados. Respetuosamente, reitero ante este pleno mi petici\u00f3n para que esta proposici\u00f3n sea tratada de urgente y obvia Resoluci\u00f3n. No seamos hip\u00f3critas\u201d, se\u00f1al\u00f3.&nbsp;<\/p>\n\n\n\n<p>La respuesta de la presidenta interina de la Mesa Directiva, Yesenia Nolasco Ram\u00edrez, fue fr\u00eda, \u201cAc\u00fasese de recibida la proposici\u00f3n y se turna para su estudio y dictamen a la Comisi\u00f3n Permanente de Administraci\u00f3n y Procuraci\u00f3n de Justicia\u201d, dijo, revelando as\u00ed la importancia que se le da al tema en esta Legislatura.&nbsp;<\/p>\n\n\n\n<p>Seg\u00fan el Secretariado Ejecutivo del Sistema Nacional de Seguridad P\u00fablica, no existe una sola carpeta de investigaci\u00f3n iniciada por el delito de tr\u00e1fico de menores en Oaxaca.<\/p>\n","protected":false},"excerpt":{"rendered":"<p>Redacci\u00f3n\/Zona Roja. Oaxaca de Ju\u00e1rez, Oax., a 25 de agosto de 2022.-&nbsp; La Mesa Directiva&hellip;<\/p>\n","protected":false},"author":2,"featured_media":45032,"comment_status":"closed","ping_status":"open","sticky":false,"template":"","format":"standard","meta":{"_lmt_disableupdate":"","_lmt_disable":"","_jetpack_memberships_contains_paid_content":false,"footnotes":""},"categories":[109,46],"tags":[254],"class_list":["post-45031","post","type-post","status-publish","format-standard","has-post-thumbnail","hentry","category-minuto-a-minuto","category-zona-blanca","tag-concepcion-rueda-gomez"],"jetpack_featured_media_url":"https:\/\/zonaroja.com.mx\/wp-content\/uploads\/2022\/08\/Concepcion-Rueda-Gomez.jpg","jetpack_sharing_enabled":true,"_links":{"self":[{"href":"https:\/\/zonaroja.com.mx\/index.php?rest_route=\/wp\/v2\/posts\/45031","targetHints":{"allow":["GET"]}}],"collection":[{"href":"https:\/\/zonaroja.com.mx\/index.php?rest_route=\/wp\/v2\/posts"}],"about":[{"href":"https:\/\/zonaroja.com.mx\/index.php?rest_route=\/wp\/v2\/types\/post"}],"author":[{"embeddable":true,"href":"https:\/\/zonaroja.com.mx\/index.php?rest_route=\/wp\/v2\/users\/2"}],"replies":[{"embeddable":true,"href":"https:\/\/zonaroja.com.mx\/index.php?rest_route=%2Fwp%2Fv2%2Fcomments&post=45031"}],"version-history":[{"count":1,"href":"https:\/\/zonaroja.com.mx\/index.php?rest_route=\/wp\/v2\/posts\/45031\/revisions"}],"predecessor-version":[{"id":45034,"href":"https:\/\/zonaroja.com.mx\/index.php?rest_route=\/wp\/v2\/posts\/45031\/revisions\/45034"}],"wp:featuredmedia":[{"embeddable":true,"href":"https:\/\/zonaroja.com.mx\/index.php?rest_route=\/wp\/v2\/media\/45032"}],"wp:attachment":[{"href":"https:\/\/zonaroja.com.mx\/index.php?rest_route=%2Fwp%2Fv2%2Fmedia&parent=45031"}],"wp:term":[{"taxonomy":"category","embeddable":true,"href":"https:\/\/zonaroja.com.mx\/index.php?rest_route=%2Fwp%2Fv2%2Fcategories&post=45031"},{"taxonomy":"post_tag","embeddable":true,"href":"https:\/\/zonaroja.com.mx\/index.php?rest_route=%2Fwp%2Fv2%2Ftags&post=45031"}],"curies":[{"name":"wp","href":"https:\/\/api.w.org\/{rel}","templated":true}]}}