{"id":45035,"date":"2022-08-25T08:01:28","date_gmt":"2022-08-25T13:01:28","guid":{"rendered":"http:\/\/www.zonaroja.com.mx\/?p=45035"},"modified":"2022-08-25T08:03:17","modified_gmt":"2022-08-25T13:03:17","slug":"abigail-murio-ahorcada-con-prenda-intima-pero-a-un-metro-de-altura","status":"publish","type":"post","link":"https:\/\/zonaroja.com.mx\/?p=45035","title":{"rendered":"Abigail muri\u00f3 ahorcada con prenda \u00edntima\u2026 pero a un metro de altura"},"content":{"rendered":"\n<p>Redacci\u00f3n\/Zona Roja.<\/p>\n\n\n\n<p>Oaxaca de Ju\u00e1rez, Oax., a 25 de agosto de 2022.- La joven madre de familia Abigail H. U. s\u00ed muri\u00f3 ahorcada con una prenda \u00edntima inferior en una celda municipal de Salina Cruz, pero fue a poco m\u00e1s de un metro de altura y no hay huellas de lesiones en extremidades inferiores.<\/p>\n\n\n\n<p>As\u00ed lo confirm\u00f3 ayer el titular de la Fiscal\u00eda General del Estado, Arturo Peimbert Calvo, durante entrevistas v\u00eda telef\u00f3nica a medios informativos nacionales.<\/p>\n\n\n\n<p>De acuerdo con las indagatorias, difundidas anoche en Televisa, la asfixia por ahorcamiento ocurri\u00f3 con una prenda \u00edntima; un extremo fue atado al cerrojo de la puerta del separo y el otro en el cuello de Abigail, a una altura de poco m\u00e1s de un metro; ella siempre tuvo un punto de apoyo en el piso; en el cuerpo de la joven no se detect\u00f3 ning\u00fan tipo de sustancia t\u00f3xica.<\/p>\n\n\n\n<p>\u00abLa forma que se da la asfixia o ahorcamiento, sin definir si fue provocado por ella misma o agentes terceros, lo cual deja una suspicacia muy importante porque ella siempre tuvo un punto de apoyo; los otros elementos generan una duda en la familia, lo cual es muy razonable\u00bb, dijo el fiscal Arturo Peimbert al noticiario \u00abEn Punto\u00bb de Televisa.<\/p>\n\n\n\n<p>En tanto que a \u00abMilenio\u00bb televisi\u00f3n declar\u00f3 ayer:<\/p>\n\n\n\n<p>\u201cEste delito tiene un componente que tiene que dirimirse en t\u00e9rminos jur\u00eddicos, si fue en t\u00e9rminos culposos o dolosos. Nosotros de manera precautoria e inmediata solicitamos \u00f3rdenes de aprehensi\u00f3n para las personas que pod\u00edan resultarle responsabilidad, las obtuvimos y ya tenemos detenciones\u2026<\/p>\n\n\n\n<p>\u201cTienen que ver con las personas que estuvieron encargadas de la guardia y custodia de Abigail y que lamentablemente no cumplieron con su funci\u00f3n y hoy desafortunadamente ella ya no est\u00e1 con vida\u201d, dijo en entrevista.<\/p>\n\n\n\n<p>Expuso que todas las acciones de investigaci\u00f3n se han efectuado de manera transparente, \u00e1gil y con pleno acuerdo con los familiares. Asimismo, con la participaci\u00f3n de instancias nacionales y estatales de derechos humanos.<\/p>\n\n\n\n<figure class=\"wp-block-embed\"><div class=\"wp-block-embed__wrapper\">\n<div class=\"twitter-tweet\"><blockquote class=\"twitter-tweet\" data-lang=\"es\"><p lang=\"es\" dir=\"ltr\">\u275dEstamos convencidos de que fue un feminicidio\u275e. <a href=\"https:\/\/twitter.com\/hashtag\/AbigailUrrutia?src=hash&amp;ref_src=twsrc%5Etfw\">#AbigailUrrutia<\/a><a href=\"https:\/\/twitter.com\/hashtag\/enPunto?src=hash&amp;ref_src=twsrc%5Etfw\">#enPunto<\/a> <a href=\"https:\/\/t.co\/RXsn4tFtf6\">pic.twitter.com\/RXsn4tFtf6<\/a><\/p>&mdash; Denise Maerker (@DeniseMaerker) <a href=\"https:\/\/twitter.com\/DeniseMaerker\/status\/1562676727968825347?ref_src=twsrc%5Etfw\">25 de agosto de 2022<\/a><\/blockquote><\/div>\n<\/div><\/figure>\n\n\n\n<p>CONFIRMAN APREHENSI\u00d3N<\/p>\n\n\n\n<p>Por otra parte, en un comunicado la Fiscal\u00eda General del Estado de Oaxaca (FGEO) confirm\u00f3 que ejecut\u00f3 orden de aprehensi\u00f3n contra cuatro personas del sexo masculino, quienes probablemente tienen un grado de responsabilidad en el homicidio de la mujer identificada por las iniciales F. A. H. U. (Flor Abigail), cuyo cuerpo sin vida fue encontrado en la comandancia municipal de Salina Cruz el pasado 19 de agosto de 2022.<\/p>\n\n\n\n<p>Indic\u00f3 que la detenci\u00f3n de los cuatro hombres sucedi\u00f3 este mi\u00e9rcoles 24 de agosto de 2022, en atenci\u00f3n al mandato judicial emitido por un juez, derivado de la carpeta de investigaci\u00f3n 28868\/FIST\/SALINA\/2022 iniciada por el delito de homicidio.<\/p>\n\n\n\n<p>Expuso que en las pr\u00f3ximas horas, los probables responsables ser\u00e1n presentados ante el Juez de Control que los requiri\u00f3, quien determinar\u00e1 su situaci\u00f3n jur\u00eddica.<\/p>\n\n\n\n<p>Sobre el mismo caso, pero respecto a los estudios forenses realizados al cuerpo de la v\u00edctima, la Fiscal\u00eda de Oaxaca dio las facilidades necesarias para que se llevara a cabo una tercera autopsia.<\/p>\n\n\n\n<p>Este procedimiento se efectu\u00f3 este mismo mi\u00e9rcoles 24 de agosto, debido a que, despu\u00e9s de los resultados de las dos primeras autopsias, la familia de la v\u00edctima manifest\u00f3 dudas razonables, por lo cual sugirieron que un grupo de especialistas en medicina legal, ajenos a la Fiscal\u00eda y procedentes de otro estado del pa\u00eds, se encargaran de esta pr\u00e1ctica.<\/p>\n\n\n\n<p>\u201cPor lo at\u00edpico de este caso, se practic\u00f3 el tercer procedimiento en busca de dar certeza legal y cient\u00edfica a las v\u00edctimas, en aras de perfeccionar y mejorar los est\u00e1ndares de acceso a la justicia a favor de la v\u00edctimas directas e indirectas.<\/p>\n\n\n\n<p>\u201cLos resultados finales se har\u00e1n p\u00fablicos en cuanto se haga el contraste entre los tres dict\u00e1menes de las autopsias correspondientes que permitan tener una opini\u00f3n cient\u00edfica colegiada entre los especialistas\u201d, remarc\u00f3 la Fiscal\u00eda.<\/p>\n\n\n\n<p>En la ejecuci\u00f3n de dichos procedimientos forenses, se cont\u00f3 con la participaci\u00f3n como veedores y actores a personal del Instituto de Servicios Periciales, as\u00ed como los representantes de varias instituciones como la Defensor\u00eda de los Derechos Humanos del Pueblo de Oaxaca (DDHPO), Comisi\u00f3n Nacional para Prevenir y Erradicar la Violencia contra las Mujeres (CONAVIM), as\u00ed como un especialista en medicina legal de los Servicios de Salud de Oaxaca (SSO) quien cuenta con certificaci\u00f3n vigente del Consejo Mexicano de Medicina Legal y Forense, adem\u00e1s de los especialistas en medicina legal quienes fueron sugeridos por la familia de la v\u00edctima.<\/p>\n\n\n\n<p>Los hechos criminales sucedieron la noche del 19 de agosto de 2022, cuando la FGEO -a trav\u00e9s de la Vicefiscal\u00eda Regional del Istmo- despleg\u00f3 a su equipo multidisciplinario y acudi\u00f3 a la Comandancia de la Polic\u00eda Municipal de Salina Cruz, donde localizaron el cuerpo sin vida de una mujer identificada como F. A. H. U.<\/p>\n","protected":false},"excerpt":{"rendered":"<p>Redacci\u00f3n\/Zona Roja. Oaxaca de Ju\u00e1rez, Oax., a 25 de agosto de 2022.- La joven madre&hellip;<\/p>\n","protected":false},"author":2,"featured_media":45041,"comment_status":"closed","ping_status":"open","sticky":false,"template":"","format":"standard","meta":{"_lmt_disableupdate":"","_lmt_disable":"","_jetpack_memberships_contains_paid_content":false,"footnotes":""},"categories":[109,46],"tags":[3234],"class_list":["post-45035","post","type-post","status-publish","format-standard","has-post-thumbnail","hentry","category-minuto-a-minuto","category-zona-blanca","tag-abigail-hay-urrutia"],"jetpack_featured_media_url":"https:\/\/zonaroja.com.mx\/wp-content\/uploads\/2022\/08\/Abigail-Hay-Urrutia-Salina-Cruz.webp","jetpack_sharing_enabled":true,"_links":{"self":[{"href":"https:\/\/zonaroja.com.mx\/index.php?rest_route=\/wp\/v2\/posts\/45035","targetHints":{"allow":["GET"]}}],"collection":[{"href":"https:\/\/zonaroja.com.mx\/index.php?rest_route=\/wp\/v2\/posts"}],"about":[{"href":"https:\/\/zonaroja.com.mx\/index.php?rest_route=\/wp\/v2\/types\/post"}],"author":[{"embeddable":true,"href":"https:\/\/zonaroja.com.mx\/index.php?rest_route=\/wp\/v2\/users\/2"}],"replies":[{"embeddable":true,"href":"https:\/\/zonaroja.com.mx\/index.php?rest_route=%2Fwp%2Fv2%2Fcomments&post=45035"}],"version-history":[{"count":3,"href":"https:\/\/zonaroja.com.mx\/index.php?rest_route=\/wp\/v2\/posts\/45035\/revisions"}],"predecessor-version":[{"id":45043,"href":"https:\/\/zonaroja.com.mx\/index.php?rest_route=\/wp\/v2\/posts\/45035\/revisions\/45043"}],"wp:featuredmedia":[{"embeddable":true,"href":"https:\/\/zonaroja.com.mx\/index.php?rest_route=\/wp\/v2\/media\/45041"}],"wp:attachment":[{"href":"https:\/\/zonaroja.com.mx\/index.php?rest_route=%2Fwp%2Fv2%2Fmedia&parent=45035"}],"wp:term":[{"taxonomy":"category","embeddable":true,"href":"https:\/\/zonaroja.com.mx\/index.php?rest_route=%2Fwp%2Fv2%2Fcategories&post=45035"},{"taxonomy":"post_tag","embeddable":true,"href":"https:\/\/zonaroja.com.mx\/index.php?rest_route=%2Fwp%2Fv2%2Ftags&post=45035"}],"curies":[{"name":"wp","href":"https:\/\/api.w.org\/{rel}","templated":true}]}}