{"id":45037,"date":"2022-08-25T07:36:21","date_gmt":"2022-08-25T12:36:21","guid":{"rendered":"http:\/\/www.zonaroja.com.mx\/?p=45037"},"modified":"2022-08-25T07:39:14","modified_gmt":"2022-08-25T12:39:14","slug":"en-menos-de-12-horas-ejecutan-a-otra-persona-en-oaxaca-capital","status":"publish","type":"post","link":"https:\/\/zonaroja.com.mx\/?p=45037","title":{"rendered":"En menos de 12 horas ejecutan a otra persona en Oaxaca capital"},"content":{"rendered":"\n<p>Redacci\u00f3n\/Zona Roja. Foto: Ilustraci\u00f3n<\/p>\n\n\n\n<p>Oaxaca de Ju\u00e1rez, Oax., a 25 de agosto de 2022.- En menos de 12 horas, otra persona fue ejecutada por disparos de arma de fuego en la capital de Oaxaca.<\/p>\n\n\n\n<p>Minutos antes de las 04:00 horas de hoy, sujetos armados arribaron a un domicilio en el callej\u00f3n Venustiano Carranza de la agencia de San Juan Chapultepec, en busca de una persona del sexo masculino.<\/p>\n\n\n\n<p>Tras ello, la agredieron a golpes y accionaron un arma de fuego, con el cual privaron de la vida a quien identificaron como Francisco Javier V., de 31 a\u00f1os de edad; los atacantes huyeron de inmediato y no hay detenidos.<\/p>\n\n\n\n<p>Como se inform\u00f3, ayer por la tarde en la colonia Manuel \u00c1vila Camacho de la agencia de Donaj\u00ed, fue ultimado a balazos otro individuo, identificado como Julio C\u00e9sar G., de 40 a\u00f1os de edad.<\/p>\n\n\n\n<p>M\u00c1S CR\u00cdMENES<\/p>\n\n\n\n<p>Por otra parte, en los primeros minutos de hoy en la carretera federal 175, jurisdicci\u00f3n de Miahuatl\u00e1n de Porfirio D\u00edaz, fueron hallados restos humanos en bolsas de pl\u00e1stico en al menos tres puntos, mismos que no han sido identificados, por lo cual fue cerrada la vialidad al tr\u00e1nsito, a la altura del kil\u00f3metro 95. <\/p>\n\n\n\n<p>En el sitio dejaron una cartulina en que detallan que asesinar\u00e1n a secuestradores, violadores, extorsionadores y cobradores de piso; a\u00fan no se precisa de cu\u00e1ntos cuerpos se trata.<\/p>\n\n\n\n<p>En tanto, casi a la media noche, otra persona fue asesinada a balazos, en el municipio de Juchit\u00e1n de Zaragoza.<\/p>\n\n\n\n<p>Los hechos ocurrieron en la avenida Aldama esquina con Independencia, colonia 25 de Mayo de la Segunda Secci\u00f3; la v\u00edctima fue identificada como Ulises S. T., alias \u201cLa Parka\u201d.<\/p>\n\n\n\n<p>Cabe mencionar que ayer mi\u00e9rcoles, fueron asesinadas al menos cinco personas, tres de ellas en sitios tur\u00edsticos, como Puerto \u00c1ngel y Puerto Escondido.<\/p>\n","protected":false},"excerpt":{"rendered":"<p>Redacci\u00f3n\/Zona Roja. Foto: Ilustraci\u00f3n Oaxaca de Ju\u00e1rez, Oax., a 25 de agosto de 2022.- En&hellip;<\/p>\n","protected":false},"author":2,"featured_media":44175,"comment_status":"closed","ping_status":"open","sticky":false,"template":"","format":"standard","meta":{"_lmt_disableupdate":"","_lmt_disable":"","_jetpack_memberships_contains_paid_content":false,"footnotes":""},"categories":[109,51],"tags":[148],"class_list":["post-45037","post","type-post","status-publish","format-standard","has-post-thumbnail","hentry","category-minuto-a-minuto","category-zona-roja","tag-oaxaca-de-juarez"],"jetpack_featured_media_url":"https:\/\/zonaroja.com.mx\/wp-content\/uploads\/2022\/08\/Asesinato-homicidio-escena-crimen.jpg","jetpack_sharing_enabled":true,"_links":{"self":[{"href":"https:\/\/zonaroja.com.mx\/index.php?rest_route=\/wp\/v2\/posts\/45037","targetHints":{"allow":["GET"]}}],"collection":[{"href":"https:\/\/zonaroja.com.mx\/index.php?rest_route=\/wp\/v2\/posts"}],"about":[{"href":"https:\/\/zonaroja.com.mx\/index.php?rest_route=\/wp\/v2\/types\/post"}],"author":[{"embeddable":true,"href":"https:\/\/zonaroja.com.mx\/index.php?rest_route=\/wp\/v2\/users\/2"}],"replies":[{"embeddable":true,"href":"https:\/\/zonaroja.com.mx\/index.php?rest_route=%2Fwp%2Fv2%2Fcomments&post=45037"}],"version-history":[{"count":2,"href":"https:\/\/zonaroja.com.mx\/index.php?rest_route=\/wp\/v2\/posts\/45037\/revisions"}],"predecessor-version":[{"id":45040,"href":"https:\/\/zonaroja.com.mx\/index.php?rest_route=\/wp\/v2\/posts\/45037\/revisions\/45040"}],"wp:featuredmedia":[{"embeddable":true,"href":"https:\/\/zonaroja.com.mx\/index.php?rest_route=\/wp\/v2\/media\/44175"}],"wp:attachment":[{"href":"https:\/\/zonaroja.com.mx\/index.php?rest_route=%2Fwp%2Fv2%2Fmedia&parent=45037"}],"wp:term":[{"taxonomy":"category","embeddable":true,"href":"https:\/\/zonaroja.com.mx\/index.php?rest_route=%2Fwp%2Fv2%2Fcategories&post=45037"},{"taxonomy":"post_tag","embeddable":true,"href":"https:\/\/zonaroja.com.mx\/index.php?rest_route=%2Fwp%2Fv2%2Ftags&post=45037"}],"curies":[{"name":"wp","href":"https:\/\/api.w.org\/{rel}","templated":true}]}}