{"id":45044,"date":"2022-08-25T10:45:00","date_gmt":"2022-08-25T15:45:00","guid":{"rendered":"http:\/\/www.zonaroja.com.mx\/?p=45044"},"modified":"2022-08-25T08:50:09","modified_gmt":"2022-08-25T13:50:09","slug":"firman-el-cobao-y-el-sutconao-contrato-colectivo-de-trabajo","status":"publish","type":"post","link":"https:\/\/zonaroja.com.mx\/?p=45044","title":{"rendered":"Firman el Cobao y el Sutcobao Contrato Colectivo de Trabajo"},"content":{"rendered":"\n<p>Redacci\u00f3n\/Zona Roja.<\/p>\n\n\n\n<p>Oaxaca de Ju\u00e1rez, Oax., a 25 de agosto de 2022.-&nbsp;En el Juzgado Segundo Laboral del Poder Judicial del Estado de Oaxaca, se llev\u00f3 a cabo la firma del Contrato Colectivo de Trabajo que regir\u00e1 el per\u00edodo 2022-2024 entre el Colegio de Bachilleres del Estado de Oaxaca (Cobao) y el Sindicato \u00danico de Trabajadores del Colegio de Bachilleres del Estado de Oaxaca (Sutcobao).&nbsp;<\/p>\n\n\n\n<p>Despu\u00e9s de varias pl\u00e1ticas conciliatorias buscando la excelencia educativa y el bienestar laboral, autoridades del Cobao y del Sutcobao realizaron la firma del Contrato Colectivo de Trabajo, reconociendo la voluntad de las autoridades estatales y federales, quienes han favorecido a la base trabajadora de la instituci\u00f3n.<\/p>\n\n\n\n<p>Al respecto, el director general del Cobao, Rodrigo Gonz\u00e1lez Illescas reconoci\u00f3 la voluntad y el trabajo&nbsp;coordinado con el sindicato, el cual es en favor de la educaci\u00f3n p\u00fablica de calidad en el estado; asimismo, aprovech\u00f3 para hacer un reconocimiento a las y los agremiados del Sutcobao por su compromiso y trabajo diario que han puesto en alto el nombre de Oaxaca.<\/p>\n\n\n\n<p>En uso de la palabra, el secretario general del Sutcobao, Rufino Eliseo Olea Gonz\u00e1lez, corrobor\u00f3 el compromiso que tienen con la juventud oaxaque\u00f1a y con las y los colaboradores de la instituci\u00f3n educativa, quienes en todo momento han dado resultados favorables en la excelencia acad\u00e9mica.<\/p>\n\n\n\n<p>Finalmente, Gonz\u00e1lez Illescas y Olea Gonz\u00e1lez, reafirmaron el respaldo por parte del gobernador del Estado, Alejandro Murat Hinojosa, quien decididamente ha privilegiado los derechos de la base trabajadora del Cobao.<\/p>\n","protected":false},"excerpt":{"rendered":"<p>Redacci\u00f3n\/Zona Roja. Oaxaca de Ju\u00e1rez, Oax., a 25 de agosto de 2022.-&nbsp;En el Juzgado Segundo&hellip;<\/p>\n","protected":false},"author":2,"featured_media":45045,"comment_status":"closed","ping_status":"open","sticky":false,"template":"","format":"standard","meta":{"_lmt_disableupdate":"","_lmt_disable":"","_jetpack_memberships_contains_paid_content":false,"footnotes":""},"categories":[109,46],"tags":[2883],"class_list":["post-45044","post","type-post","status-publish","format-standard","has-post-thumbnail","hentry","category-minuto-a-minuto","category-zona-blanca","tag-colegio-de-bachilleres-de-oaxaca-cobao"],"jetpack_featured_media_url":"https:\/\/zonaroja.com.mx\/wp-content\/uploads\/2022\/08\/Convenio-Cobao-y-sindicato.jpg","jetpack_sharing_enabled":true,"_links":{"self":[{"href":"https:\/\/zonaroja.com.mx\/index.php?rest_route=\/wp\/v2\/posts\/45044","targetHints":{"allow":["GET"]}}],"collection":[{"href":"https:\/\/zonaroja.com.mx\/index.php?rest_route=\/wp\/v2\/posts"}],"about":[{"href":"https:\/\/zonaroja.com.mx\/index.php?rest_route=\/wp\/v2\/types\/post"}],"author":[{"embeddable":true,"href":"https:\/\/zonaroja.com.mx\/index.php?rest_route=\/wp\/v2\/users\/2"}],"replies":[{"embeddable":true,"href":"https:\/\/zonaroja.com.mx\/index.php?rest_route=%2Fwp%2Fv2%2Fcomments&post=45044"}],"version-history":[{"count":2,"href":"https:\/\/zonaroja.com.mx\/index.php?rest_route=\/wp\/v2\/posts\/45044\/revisions"}],"predecessor-version":[{"id":45048,"href":"https:\/\/zonaroja.com.mx\/index.php?rest_route=\/wp\/v2\/posts\/45044\/revisions\/45048"}],"wp:featuredmedia":[{"embeddable":true,"href":"https:\/\/zonaroja.com.mx\/index.php?rest_route=\/wp\/v2\/media\/45045"}],"wp:attachment":[{"href":"https:\/\/zonaroja.com.mx\/index.php?rest_route=%2Fwp%2Fv2%2Fmedia&parent=45044"}],"wp:term":[{"taxonomy":"category","embeddable":true,"href":"https:\/\/zonaroja.com.mx\/index.php?rest_route=%2Fwp%2Fv2%2Fcategories&post=45044"},{"taxonomy":"post_tag","embeddable":true,"href":"https:\/\/zonaroja.com.mx\/index.php?rest_route=%2Fwp%2Fv2%2Ftags&post=45044"}],"curies":[{"name":"wp","href":"https:\/\/api.w.org\/{rel}","templated":true}]}}