{"id":45051,"date":"2022-08-25T11:55:00","date_gmt":"2022-08-25T16:55:00","guid":{"rendered":"http:\/\/www.zonaroja.com.mx\/?p=45051"},"modified":"2022-08-25T08:59:00","modified_gmt":"2022-08-25T13:59:00","slug":"se-convertira-en-hito-el-informe-encinas","status":"publish","type":"post","link":"https:\/\/zonaroja.com.mx\/?p=45051","title":{"rendered":"\u00bfSe convertir\u00e1 en hito el informe Encinas?"},"content":{"rendered":"\n<p>Gibr\u00e1n Ram\u00edrez Reyes*<\/p>\n\n\n\n<p>Est\u00e1n por cumplirse ocho a\u00f1os de mentiras y revelaciones del crimen de Iguala contra los estudiantes normalistas de Ayotzinapa. Cuando AMLO salga del poder habr\u00e1 sido un decenio.&nbsp;<\/p>\n\n\n\n<p>En ese marco se ha presentado el Informe de la presidencia de la Comisi\u00f3n para la Verdad del caso, es decir, el informe coordinado por Alejandro Encinas sobre el crimen de Iguala.&nbsp;<\/p>\n\n\n\n<p>A ra\u00edz de dicho informe, ha ca\u00eddo Jes\u00fas Murillo Karam acusado de desaparici\u00f3n forzada, obstrucci\u00f3n de la justicia y tortura. Sumo a sus omisiones aquella que ha sido narrada por Ren\u00e9 Bejarano: Murillo Karam supo, por Bejarano mismo, del homicidio de un dirigente social a manos de Jos\u00e9 Luis Abarca, el ex presidente municipal de Iguala. No hizo nada.&nbsp;<\/p>\n\n\n\n<p>La investigaci\u00f3n conducida por Alejandro Encinas podr\u00eda convertirse en el principal acierto del gobierno de AMLO, pero falta un largo trecho para que eso suceda.&nbsp;<\/p>\n\n\n\n<p>Se ha conseguido vincular elementos del acontecimiento que permanec\u00edan aislados en diversos relatos y puede ser un parteaguas si se persigue, efectivamente, como un crimen de Estado, sin importar el poder de la uni\u00f3n en que trabajen los perpetradores, el orden de gobierno, o el partido pol\u00edtico al que se vinculen de hecho.&nbsp;<\/p>\n\n\n\n<p>La verdad hallada no ha sido glosada en toda su potencia por los medios de comunicaci\u00f3n. Por un lado, porque ha faltado tiempo para hacerlo (seguramente hoy, ya que las redacciones han tenido tiempo de leer el informe \u00edntegramente, se habla m\u00e1s de los muchachos que permanecieron con vida y fueron asesinados d\u00edas despu\u00e9s de que la noticia de la desaparici\u00f3n llenara todos los espacios informativos).<\/p>\n\n\n\n<p>Por otro lado, porque el cuidado de datos personales para no afectar la presunci\u00f3n de inocencia ni invalidar pruebas en un proceso de procuraci\u00f3n de justicia ha provocado que los nombres de los implicados se mantengan, en varios casos, reservados.&nbsp;<\/p>\n\n\n\n<p>Los nombres \u2014el verdadero elemento explosivo de esta investigaci\u00f3n\u2014 acaso se sabr\u00e1n conforme avancen las diligencias de la fiscal\u00eda. La investigaci\u00f3n sobre el crimen de Iguala no se convertir\u00e1 en hito si no se hace un macroproceso judicial con todas las garant\u00edas de que no habr\u00e1 intocables.&nbsp;<\/p>\n\n\n\n<p>En el proceso deber\u00edan deslindarse tambi\u00e9n las responsabilidades del almirante secretario Rafael Ojeda Dur\u00e1n, quien no s\u00f3lo era comandante de la zona de Acapulco sino que tuvo a su cargo elementos que participaron en la alteraci\u00f3n de escenas del caso; de Omar Garc\u00eda Harfuch, actual secretario de Seguridad del gobierno de Claudia Sheinbaum, del llamado Caminante, identificado como Marcos Esteban Ju\u00e1rez Escalera, funcionario (ya finado) de reinserci\u00f3n social del gobierno de Jaime Bonilla y a quien defendiera en su tiempo Amador Rodr\u00edguez, secretario de Gobierno de Bonilla y anunciado como funcionario del gobierno de Claudia Sheinbaum.&nbsp;<\/p>\n\n\n\n<p>El macroproceso deber\u00eda ser publicitado en todos los medios de comunicaci\u00f3n y servir de base para enfrentar otros casos de desaparici\u00f3n o cr\u00edmenes de Estado, como el de Allende, en Coahuila. Lo m\u00e1s probable es que no suceda.<\/p>\n\n\n\n<p>La misi\u00f3n de Encinas no ha sido sencilla. Ha tenido que enfrentar con pocos recursos uno de los mayores problemas de la vida p\u00fablica contempor\u00e1nea de M\u00e9xico: la desaparici\u00f3n de personas.&nbsp;<\/p>\n\n\n\n<p>Lo que resta, desgraciadamente, no est\u00e1 a su cargo, sino de una fiscal\u00eda aut\u00f3noma de \u00e9tica dudosa, del Poder Judicial de siempre, y de un gobierno que suele sacrificar causas en los altares de la gobernabilidad y el r\u00e9dito electoral.&nbsp;<\/p>\n\n\n\n<p>*Doctor en ciencia pol\u00edtica por la UNAM.<\/p>\n\n\n\n<p>@gibranrr&nbsp;<\/p>\n","protected":false},"excerpt":{"rendered":"<p>Gibr\u00e1n Ram\u00edrez Reyes* Est\u00e1n por cumplirse ocho a\u00f1os de mentiras y revelaciones del crimen de&hellip;<\/p>\n","protected":false},"author":2,"featured_media":41734,"comment_status":"closed","ping_status":"open","sticky":false,"template":"","format":"standard","meta":{"_lmt_disableupdate":"","_lmt_disable":"","_jetpack_memberships_contains_paid_content":false,"footnotes":""},"categories":[456,109],"tags":[2489],"class_list":["post-45051","post","type-post","status-publish","format-standard","has-post-thumbnail","hentry","category-columna","category-minuto-a-minuto","tag-gibran-ramirez-reyes"],"jetpack_featured_media_url":"https:\/\/zonaroja.com.mx\/wp-content\/uploads\/2022\/05\/Opinion-Gibran-Ramirez-Reyes.jpg","jetpack_sharing_enabled":true,"_links":{"self":[{"href":"https:\/\/zonaroja.com.mx\/index.php?rest_route=\/wp\/v2\/posts\/45051","targetHints":{"allow":["GET"]}}],"collection":[{"href":"https:\/\/zonaroja.com.mx\/index.php?rest_route=\/wp\/v2\/posts"}],"about":[{"href":"https:\/\/zonaroja.com.mx\/index.php?rest_route=\/wp\/v2\/types\/post"}],"author":[{"embeddable":true,"href":"https:\/\/zonaroja.com.mx\/index.php?rest_route=\/wp\/v2\/users\/2"}],"replies":[{"embeddable":true,"href":"https:\/\/zonaroja.com.mx\/index.php?rest_route=%2Fwp%2Fv2%2Fcomments&post=45051"}],"version-history":[{"count":1,"href":"https:\/\/zonaroja.com.mx\/index.php?rest_route=\/wp\/v2\/posts\/45051\/revisions"}],"predecessor-version":[{"id":45052,"href":"https:\/\/zonaroja.com.mx\/index.php?rest_route=\/wp\/v2\/posts\/45051\/revisions\/45052"}],"wp:featuredmedia":[{"embeddable":true,"href":"https:\/\/zonaroja.com.mx\/index.php?rest_route=\/wp\/v2\/media\/41734"}],"wp:attachment":[{"href":"https:\/\/zonaroja.com.mx\/index.php?rest_route=%2Fwp%2Fv2%2Fmedia&parent=45051"}],"wp:term":[{"taxonomy":"category","embeddable":true,"href":"https:\/\/zonaroja.com.mx\/index.php?rest_route=%2Fwp%2Fv2%2Fcategories&post=45051"},{"taxonomy":"post_tag","embeddable":true,"href":"https:\/\/zonaroja.com.mx\/index.php?rest_route=%2Fwp%2Fv2%2Ftags&post=45051"}],"curies":[{"name":"wp","href":"https:\/\/api.w.org\/{rel}","templated":true}]}}