{"id":45053,"date":"2022-08-25T13:13:35","date_gmt":"2022-08-25T18:13:35","guid":{"rendered":"https:\/\/www.zonaroja.com.mx\/?p=45053"},"modified":"2022-08-27T07:19:07","modified_gmt":"2022-08-27T12:19:07","slug":"gobierno-estatal-da-apoyos-por-mas-de-2-6-mdp-a-una-particular-por-lio-particular","status":"publish","type":"post","link":"https:\/\/zonaroja.com.mx\/?p=45053","title":{"rendered":"Gobierno estatal da apoyos por m\u00e1s de 2.6 mdp a una particular, por l\u00edo particular"},"content":{"rendered":"\n<p>Redacci\u00f3n\/Informativo 570.<\/p>\n\n\n\n<p>Oaxaca de Ju\u00e1rez, Oax., a 25 de agosto de 2022.- La administraci\u00f3n de Alejandro Murat Hinojosa pidi\u00f3 que a trav\u00e9s de la Comisi\u00f3n Nacional de Derechos Humanos (CNDH), la saxofonista Mar\u00eda Elena R\u00edos &nbsp;-atacada con \u00e1cido en 2019- entregu\u00e9 los expedientes cl\u00ednicos y dermatol\u00f3gicos que ha pagado el gobierno de Oaxaca en los \u00faltimos a\u00f1os.<\/p>\n\n\n\n<p>Mediante un comunicado, precis\u00f3 que ha erogado del erario p\u00fablico dos millones 692 mil pesos, como un apoyo emergente para la v\u00edctima y su familia, cantidad que se encuentra dentro del expediente de la CNDH.<\/p>\n\n\n\n<p>Empero, en la misiva da a entender que ha sido m\u00e1s el recurso millonario que se le ha destinado a la saxofonista v\u00edctima de intento de feminicidio supuestamente por un exlegislador pri\u00edsta, que actualmente se encuentra bajo proceso judicial.<\/p>\n\n\n\n<p>Lo anterior, se ventil\u00f3 tras un comentario hecho por Mar\u00eda Elena R\u00edos a trav\u00e9s de su cuenta Twitter, donde acus\u00f3 que derivado de sus \u00faltimas acciones de protesta, el gobierno de Oaxaca le hab\u00eda cancelado su apoyo para sus tratamientos cl\u00ednicos y dermatol\u00f3gicos.<\/p>\n\n\n\n<p>En respuesta, el gobierno de Murat Hinojosa ataj\u00f3 que adem\u00e1s de gestionar el ingreso de la saxofonista \u00a0al Instituto Nacional de Rehabilitaci\u00f3n, tambi\u00e9n ha pagado cl\u00ednicas privadas y otros gastos que han salido a ra\u00edz del atentado que sufri\u00f3 la joven en Huajuapan de Le\u00f3n de la regi\u00f3n Mixteca.<\/p>\n\n\n\n<figure class=\"wp-block-image size-large\"><a href=\"http:\/\/www.zonaroja.com.mx\/wp-content\/uploads\/2022\/08\/Comunicado-Gobierno-del-Estado-sobre-caso-Maria-Elena.jpg\" data-rel=\"penci-gallery-image-content\" ><img decoding=\"async\" width=\"1024\" height=\"768\" src=\"http:\/\/www.zonaroja.com.mx\/wp-content\/uploads\/2022\/08\/Comunicado-Gobierno-del-Estado-sobre-caso-Maria-Elena-1024x768.jpg\" alt=\"\" class=\"wp-image-45106\" srcset=\"https:\/\/zonaroja.com.mx\/wp-content\/uploads\/2022\/08\/Comunicado-Gobierno-del-Estado-sobre-caso-Maria-Elena-1024x768.jpg 1024w, https:\/\/zonaroja.com.mx\/wp-content\/uploads\/2022\/08\/Comunicado-Gobierno-del-Estado-sobre-caso-Maria-Elena-300x225.jpg 300w, https:\/\/zonaroja.com.mx\/wp-content\/uploads\/2022\/08\/Comunicado-Gobierno-del-Estado-sobre-caso-Maria-Elena-768x576.jpg 768w, https:\/\/zonaroja.com.mx\/wp-content\/uploads\/2022\/08\/Comunicado-Gobierno-del-Estado-sobre-caso-Maria-Elena-1536x1152.jpg 1536w, https:\/\/zonaroja.com.mx\/wp-content\/uploads\/2022\/08\/Comunicado-Gobierno-del-Estado-sobre-caso-Maria-Elena-1170x878.jpg 1170w, https:\/\/zonaroja.com.mx\/wp-content\/uploads\/2022\/08\/Comunicado-Gobierno-del-Estado-sobre-caso-Maria-Elena-585x439.jpg 585w, https:\/\/zonaroja.com.mx\/wp-content\/uploads\/2022\/08\/Comunicado-Gobierno-del-Estado-sobre-caso-Maria-Elena.jpg 1600w\" sizes=\"(max-width: 1024px) 100vw, 1024px\" \/><\/a><\/figure>\n\n\n\n<p>\u00abEs importante se\u00f1alar que por concepto de apoyo emergente a Mar\u00eda Elena R\u00edos Ortiz y su familia, el Gobierno del Estado ha erogado la cantidad de $2,692.263.41 (Dos millones seiscientos noventa y dos mil doscientos sesenta y tres presos 40\/100 M.N.) mismos que se encuentran plenamente documentados en los informes que se han rendido ante la Comisi\u00f3n Nacional de Derechos Humanos (CNDH)\u00bb, detalla la misiva.<\/p>\n\n\n\n<p>Del mismo modo, precisa que la v\u00edctima ha dejado de acudir por cuenta propia a la cl\u00ednica de rehabilitaci\u00f3n del gobierno federal, por lo que se le ha respondido con recursos a las cl\u00ednicas privadas donde ha acudido.<\/p>\n\n\n\n<p>\u00abEstamos a la espera de que, a trav\u00e9s de la CNDH, Mar\u00eda Elena R\u00edos Ortiz, remita al Gobierno del Estado, el expediente cl\u00ednico derivado de los pagos que sobre los tratamientos quir\u00fargicos y dermatol\u00f3gicos ha realizado el Gobierno del Estado\u00bb, a\u00f1adi\u00f3.<\/p>\n\n\n\n<p>Por \u00faltimo, con relaci\u00f3n a la procuraci\u00f3n de justicia, la misiva detalla que reconoce el &nbsp;trabajo de la Fiscal\u00eda General del Estado de Oaxaca que deriv\u00f3 en la detenci\u00f3n de tres sujetos indiciados como responsables por los hechos delictivos cometidos en contra de Mar\u00eda Elena R\u00edos Ortiz, identificados como R. L. CH., P. H. Y. (fallecido) y R. H. R., as\u00ed como la emisi\u00f3n del bolet\u00edn de recompensa por la localizaci\u00f3n de un tercer imputado identificado como J. A. V. H., que hasta el momento se encuentra pr\u00f3fugo.<\/p>\n\n\n\n<p>Ante este panorama, en las redes sociales ha surgido el cuestionamiento de que el gobierno de Oaxaca ha respondido por un hecho civil y piden que se aplique el mismo m\u00e9todo de ayuda para todas las v\u00edctimas de feminicidio.<\/p>\n","protected":false},"excerpt":{"rendered":"<p>Redacci\u00f3n\/Informativo 570. Oaxaca de Ju\u00e1rez, Oax., a 25 de agosto de 2022.- La administraci\u00f3n de&hellip;<\/p>\n","protected":false},"author":2,"featured_media":39875,"comment_status":"closed","ping_status":"open","sticky":false,"template":"","format":"standard","meta":{"_lmt_disableupdate":"","_lmt_disable":"","_jetpack_memberships_contains_paid_content":false,"footnotes":""},"categories":[109,47],"tags":[],"class_list":["post-45053","post","type-post","status-publish","format-standard","has-post-thumbnail","hentry","category-minuto-a-minuto","category-zona-gris"],"jetpack_featured_media_url":"https:\/\/zonaroja.com.mx\/wp-content\/uploads\/2022\/04\/Maria-Elena-Rios.jpg","jetpack_sharing_enabled":true,"_links":{"self":[{"href":"https:\/\/zonaroja.com.mx\/index.php?rest_route=\/wp\/v2\/posts\/45053","targetHints":{"allow":["GET"]}}],"collection":[{"href":"https:\/\/zonaroja.com.mx\/index.php?rest_route=\/wp\/v2\/posts"}],"about":[{"href":"https:\/\/zonaroja.com.mx\/index.php?rest_route=\/wp\/v2\/types\/post"}],"author":[{"embeddable":true,"href":"https:\/\/zonaroja.com.mx\/index.php?rest_route=\/wp\/v2\/users\/2"}],"replies":[{"embeddable":true,"href":"https:\/\/zonaroja.com.mx\/index.php?rest_route=%2Fwp%2Fv2%2Fcomments&post=45053"}],"version-history":[{"count":2,"href":"https:\/\/zonaroja.com.mx\/index.php?rest_route=\/wp\/v2\/posts\/45053\/revisions"}],"predecessor-version":[{"id":45117,"href":"https:\/\/zonaroja.com.mx\/index.php?rest_route=\/wp\/v2\/posts\/45053\/revisions\/45117"}],"wp:featuredmedia":[{"embeddable":true,"href":"https:\/\/zonaroja.com.mx\/index.php?rest_route=\/wp\/v2\/media\/39875"}],"wp:attachment":[{"href":"https:\/\/zonaroja.com.mx\/index.php?rest_route=%2Fwp%2Fv2%2Fmedia&parent=45053"}],"wp:term":[{"taxonomy":"category","embeddable":true,"href":"https:\/\/zonaroja.com.mx\/index.php?rest_route=%2Fwp%2Fv2%2Fcategories&post=45053"},{"taxonomy":"post_tag","embeddable":true,"href":"https:\/\/zonaroja.com.mx\/index.php?rest_route=%2Fwp%2Fv2%2Ftags&post=45053"}],"curies":[{"name":"wp","href":"https:\/\/api.w.org\/{rel}","templated":true}]}}