{"id":45055,"date":"2022-08-25T15:39:05","date_gmt":"2022-08-25T20:39:05","guid":{"rendered":"http:\/\/www.zonaroja.com.mx\/?p=45055"},"modified":"2022-08-25T15:39:07","modified_gmt":"2022-08-25T20:39:07","slug":"abusivo-insensible-y-sin-ley-gobierno-morenista-en-salina-cruz-senala-congreso","status":"publish","type":"post","link":"https:\/\/zonaroja.com.mx\/?p=45055","title":{"rendered":"Abusivo, insensible y sin ley, gobierno morenista en Salina Cruz, se\u00f1ala Congreso"},"content":{"rendered":"\n<p>Yuridiana Sosa\/Zona Roja.<\/p>\n\n\n\n<p>Oaxaca de Ju\u00e1rez, Oax., a 25 de agosto de 2022.- Tras el probable feminicidio de Abigail Hay Urrutia en los separos municipales de Salina Cruz, diputados de Oaxaca del partido de Morena se\u00f1alaron los constantes abusos de autoridad y violaciones a derechos humanos contra la poblaci\u00f3n, por parte de la administraci\u00f3n a cargo del morenista Daniel M\u00e9ndez Sosa.<\/p>\n\n\n\n<p>Desde tribuna, la diputada Yesenia Nolasco puntualiz\u00f3 que la ingobernabilidad en este municipio ha sido motivo de quejas de la ciudadan\u00eda y de exhortos por parte del Congreso de Oaxaca para que dicha administraci\u00f3n municipal corrija sus actos contra la poblaci\u00f3n.<\/p>\n\n\n\n<p>Durante la presentaci\u00f3n del Punto de Acuerdo, de urgente y obvia resoluci\u00f3n, para que la Fiscal\u00eda General del Estado contin\u00fae las investigaciones hasta esclarecer el caso de Abigail y haya justicia, la diputada expuso que en Salina Cruz la comunidad y la familia de la joven muerta en la c\u00e1rcel exigen que M\u00e9ndez Sosa tambi\u00e9n sea investigado.<\/p>\n\n\n\n<p>\u00abMientras la poblaci\u00f3n exig\u00eda justicia, el edil fue visto el s\u00e1bado disfrutando de una pelea de box\u00bb, refiri\u00f3 la diputada como muestra de la insensibilidad de M\u00e9ndez Sosa, quien trat\u00f3 de evadir responsabilidades municipales con la justificante que es un caso que le compete a la Fiscal\u00eda General de Oaxaca.<\/p>\n\n\n\n<p>El edil, dijo, tiene responsabilidad en los actos contra la vida de la joven mujer, pues el hecho ocurri\u00f3 en instalaciones municipales y por instrucciones de sus polic\u00edas, quienes, a la fecha, asegur\u00f3, no cuentan un comisario.<\/p>\n\n\n\n<p>E incluso, desde junio pasado se emiti\u00f3 un exhorto para que la Polic\u00eda Municipal fuera capacitada en materia de respeto a derechos humanos y tareas de proximidad social.<\/p>\n\n\n\n<p>Pues, agreg\u00f3, desde el inicio la administraci\u00f3n M\u00e9ndez Sosa \u201cse ha caracterizado por abuso de autoridad y cobro excesivo en faltas administrativas mediante operativos que no tienen ni pies ni cabeza, en los que adem\u00e1s se violentan los derechos humanos\u201d.<\/p>\n\n\n\n<p>Previo al arresto de Joel Luis V\u00e1zquez, Juez C\u00edvico municipal, la poblaci\u00f3n en Salina Cruz, exig\u00eda su cese del presidente municipal, pues, adem\u00e1s, era un funcionario que no cumpl\u00eda con el perfil para el desempe\u00f1o de estas funciones.<\/p>\n\n\n\n<p>El exhorto presentado y aprobado tambi\u00e9n va dirigido al presidente de Salina Cruz, para que de manera inmediata nombre al titular de la comisar\u00eda y al director de seguridad p\u00fablica municipal.&nbsp;<\/p>\n\n\n\n<p>En similares t\u00e9rminos se pronunci\u00f3 ayer la diputada por Morena, ahora de la fracci\u00f3n Cuarta Transformaci\u00f3n, Concepci\u00f3n Rueda G\u00f3mez, quien pidi\u00f3 que el edil morenista sea cesado del cargo para que las indagatorias contin\u00faen y se llegue hasta las \u00faltimas consecuencias.<\/p>\n","protected":false},"excerpt":{"rendered":"<p>Yuridiana Sosa\/Zona Roja. Oaxaca de Ju\u00e1rez, Oax., a 25 de agosto de 2022.- Tras el&hellip;<\/p>\n","protected":false},"author":2,"featured_media":33195,"comment_status":"closed","ping_status":"open","sticky":false,"template":"","format":"standard","meta":{"_lmt_disableupdate":"","_lmt_disable":"","_jetpack_memberships_contains_paid_content":false,"footnotes":""},"categories":[109,47],"tags":[2738,168],"class_list":["post-45055","post","type-post","status-publish","format-standard","has-post-thumbnail","hentry","category-minuto-a-minuto","category-zona-gris","tag-daniel-mendez-sosa","tag-salina-cruz"],"jetpack_featured_media_url":"https:\/\/zonaroja.com.mx\/wp-content\/uploads\/2021\/10\/Daniel-Mendez-Sosa.jpg","jetpack_sharing_enabled":true,"_links":{"self":[{"href":"https:\/\/zonaroja.com.mx\/index.php?rest_route=\/wp\/v2\/posts\/45055","targetHints":{"allow":["GET"]}}],"collection":[{"href":"https:\/\/zonaroja.com.mx\/index.php?rest_route=\/wp\/v2\/posts"}],"about":[{"href":"https:\/\/zonaroja.com.mx\/index.php?rest_route=\/wp\/v2\/types\/post"}],"author":[{"embeddable":true,"href":"https:\/\/zonaroja.com.mx\/index.php?rest_route=\/wp\/v2\/users\/2"}],"replies":[{"embeddable":true,"href":"https:\/\/zonaroja.com.mx\/index.php?rest_route=%2Fwp%2Fv2%2Fcomments&post=45055"}],"version-history":[{"count":1,"href":"https:\/\/zonaroja.com.mx\/index.php?rest_route=\/wp\/v2\/posts\/45055\/revisions"}],"predecessor-version":[{"id":45056,"href":"https:\/\/zonaroja.com.mx\/index.php?rest_route=\/wp\/v2\/posts\/45055\/revisions\/45056"}],"wp:featuredmedia":[{"embeddable":true,"href":"https:\/\/zonaroja.com.mx\/index.php?rest_route=\/wp\/v2\/media\/33195"}],"wp:attachment":[{"href":"https:\/\/zonaroja.com.mx\/index.php?rest_route=%2Fwp%2Fv2%2Fmedia&parent=45055"}],"wp:term":[{"taxonomy":"category","embeddable":true,"href":"https:\/\/zonaroja.com.mx\/index.php?rest_route=%2Fwp%2Fv2%2Fcategories&post=45055"},{"taxonomy":"post_tag","embeddable":true,"href":"https:\/\/zonaroja.com.mx\/index.php?rest_route=%2Fwp%2Fv2%2Ftags&post=45055"}],"curies":[{"name":"wp","href":"https:\/\/api.w.org\/{rel}","templated":true}]}}