{"id":45061,"date":"2022-08-25T21:54:57","date_gmt":"2022-08-26T02:54:57","guid":{"rendered":"http:\/\/www.zonaroja.com.mx\/?p=45061"},"modified":"2022-08-25T21:54:58","modified_gmt":"2022-08-26T02:54:58","slug":"crece-ingobernabilidad-en-oaxaca-con-multiples-bloqueos","status":"publish","type":"post","link":"https:\/\/zonaroja.com.mx\/?p=45061","title":{"rendered":"Crece ingobernabilidad en Oaxaca con m\u00faltiples bloqueos"},"content":{"rendered":"\n<p>Redacci\u00f3n\/Zona Roja.<\/p>\n\n\n\n<p>Oaxaca de Ju\u00e1rez, Oax., a 25 de agosto de 2022.- Los bloqueos carreteros en las regiones, as\u00ed como el cierre de vialidades en la capital y zona conturbad se incrementaron este jueves.<\/p>\n\n\n\n<p>En tanto, el titular de la Secretar\u00eda General de Gobierno, Francisco Garc\u00eda L\u00f3pez, opt\u00f3 por acudir a una gira de trabajo a la regi\u00f3n Mixteca, donde hubo adem\u00e1s movilizaciones.<\/p>\n\n\n\n<p>Por tercer d\u00eda consecutivo, contin\u00faa el bloqueo en la carretera de acceso a San Dionisio del Mar, tras la agresi\u00f3n en contra de integrantes de la asamblea comunitaria por parte de la presidenta municipal Sonia Luis Gallegos, y al momento no hay soluci\u00f3n.<\/p>\n\n\n\n<p>Por segundo d\u00eda consecutivo, se mantuvo el cierre de la carretera Panamericana, en jurisdicci\u00f3n de Juchit\u00e1n de Zaragoza, por parte de vecinos que demandan la rehabilitaci\u00f3n de un sistema de drenaje; el edil de Morena, Emilio Montero P\u00e9rez, se ha negado a atender a los inconformes.<\/p>\n\n\n\n<p>Mientras que en Zapotitl\u00e1n Palmas, pobladores mantienen bloqueada la carretera en esa zona de la regi\u00f3n Mixteca y esta tarde-noche quemaron llantas en la vialidad, inconformes con la conclusi\u00f3n de obras en una escuela; previamente hab\u00edan retenido a nueve trabajadores.<\/p>\n\n\n\n<p>En la capital de Oaxaca, recolectores particulares de basura, apoyados por la organizaci\u00f3n priista Antorcha Campesina, efectuaron una caravana por las calles de la ciudad, en la prevenci\u00f3n de protestar en la sede del ayuntamiento capitalino.<\/p>\n\n\n\n<p>Ello para exigir que les permitan volver a llevar los desechos que recolectan, al tiradero ubicado en la Villa de Zaachila; ello fue impedidos por elementos policiacos municipales, en la calle de Morelos esquina con Crespo.<\/p>\n\n\n\n<p>En tanto que al menos tres organizaciones sociales de reciente creaci\u00f3n, bloquearon el acceso a Ciudad Administrativa -donde se mantiene un \u201cplant\u00f3n\u201d de Antorcha Campesina-, oficinas de gobierno ubicadas en Ciudad Administrativa.<\/p>\n\n\n\n<p>Asimismo, el cruce de la carretera federal 175 Oaxaca-Puerto \u00c1ngel con el acceso al aeropuerto Internacional, y el cruce de la calzada H\u00e9rores de Chapultepec con bulevar Manuel Ruiz.<\/p>\n\n\n\n<p>La exigencia es de obras y recursos para municipios supuestamente ind\u00edgenas; despu\u00e9s de las seis de la tarde fueron atendidos en una reuni\u00f3n de trabajo con autoridades municipales y por lo cual retiraron los bloqueos.<\/p>\n","protected":false},"excerpt":{"rendered":"<p>Redacci\u00f3n\/Zona Roja. Oaxaca de Ju\u00e1rez, Oax., a 25 de agosto de 2022.- Los bloqueos carreteros&hellip;<\/p>\n","protected":false},"author":2,"featured_media":45062,"comment_status":"closed","ping_status":"open","sticky":false,"template":"","format":"standard","meta":{"_lmt_disableupdate":"","_lmt_disable":"","_jetpack_memberships_contains_paid_content":false,"footnotes":""},"categories":[109,47],"tags":[2254],"class_list":["post-45061","post","type-post","status-publish","format-standard","has-post-thumbnail","hentry","category-minuto-a-minuto","category-zona-gris","tag-protestas-y-bloqueos-oaxaca"],"jetpack_featured_media_url":"https:\/\/zonaroja.com.mx\/wp-content\/uploads\/2022\/08\/Bloqueo-ciudad-de-Oaxaca-recicladores-de-basura.jpg","jetpack_sharing_enabled":true,"_links":{"self":[{"href":"https:\/\/zonaroja.com.mx\/index.php?rest_route=\/wp\/v2\/posts\/45061","targetHints":{"allow":["GET"]}}],"collection":[{"href":"https:\/\/zonaroja.com.mx\/index.php?rest_route=\/wp\/v2\/posts"}],"about":[{"href":"https:\/\/zonaroja.com.mx\/index.php?rest_route=\/wp\/v2\/types\/post"}],"author":[{"embeddable":true,"href":"https:\/\/zonaroja.com.mx\/index.php?rest_route=\/wp\/v2\/users\/2"}],"replies":[{"embeddable":true,"href":"https:\/\/zonaroja.com.mx\/index.php?rest_route=%2Fwp%2Fv2%2Fcomments&post=45061"}],"version-history":[{"count":1,"href":"https:\/\/zonaroja.com.mx\/index.php?rest_route=\/wp\/v2\/posts\/45061\/revisions"}],"predecessor-version":[{"id":45063,"href":"https:\/\/zonaroja.com.mx\/index.php?rest_route=\/wp\/v2\/posts\/45061\/revisions\/45063"}],"wp:featuredmedia":[{"embeddable":true,"href":"https:\/\/zonaroja.com.mx\/index.php?rest_route=\/wp\/v2\/media\/45062"}],"wp:attachment":[{"href":"https:\/\/zonaroja.com.mx\/index.php?rest_route=%2Fwp%2Fv2%2Fmedia&parent=45061"}],"wp:term":[{"taxonomy":"category","embeddable":true,"href":"https:\/\/zonaroja.com.mx\/index.php?rest_route=%2Fwp%2Fv2%2Fcategories&post=45061"},{"taxonomy":"post_tag","embeddable":true,"href":"https:\/\/zonaroja.com.mx\/index.php?rest_route=%2Fwp%2Fv2%2Ftags&post=45061"}],"curies":[{"name":"wp","href":"https:\/\/api.w.org\/{rel}","templated":true}]}}