{"id":45064,"date":"2022-08-25T22:28:52","date_gmt":"2022-08-26T03:28:52","guid":{"rendered":"http:\/\/www.zonaroja.com.mx\/?p=45064"},"modified":"2022-08-25T22:28:53","modified_gmt":"2022-08-26T03:28:53","slug":"tras-cinco-anos-preso-y-a-punto-de-fenecer-sexenio-liberan-a-german-tenorio","status":"publish","type":"post","link":"https:\/\/zonaroja.com.mx\/?p=45064","title":{"rendered":"Tras cinco a\u00f1os preso y a punto de fenecer sexenio, liberan a Germ\u00e1n Tenorio"},"content":{"rendered":"\n<p>Redacci\u00f3n\/Zona Roja.<\/p>\n\n\n\n<p>Oaxaca de Ju\u00e1rez, Oax., a 25 de agosto de 2022.- Tras cinco a\u00f1os de prisi\u00f3n, alrededor de las 22:00 horas sali\u00f3 de prisi\u00f3n Germ\u00e1n Tenorio Vasconcelos, quien fuera secretario de Salud en el gobierno de Gabino Cu\u00e9 Monteagudo.<\/p>\n\n\n\n<p>El Juez de Control le concedi\u00f3 el cambio de medida cautelar preventiva a arraigo domiciliario, para concluir el proceso en su contra, en la acusaci\u00f3n de probable desv\u00edo de recursos por alrededor de 100 millones de pesos.<\/p>\n\n\n\n<p>Tenorio Vasconcelos fue detenido en junio de 2017 en el estado de Jalisco, en cumplimiento a las \u00f3rdenes de aprehensi\u00f3n libradas por el Juzgado Segundo Penal del Distrito Judicial del Centro de Oaxaca.<\/p>\n\n\n\n<p>El galeno renunci\u00f3 a su cargo el 10 de junio de 2015 en medio de paros laborales de la Secci\u00f3n 35 del Sindicato Nacional de Trabajadores de Salud (SNTSA).<\/p>\n\n\n\n<p>En su mandato al frente de los Servicios de Salud de Oaxaca, fue asesinado el subdirector de Administraci\u00f3n y Finanzas de esa dependencia, Rafael P\u00e9rez Gavil\u00e1n, presuntamente porque har\u00eda una denuncia p\u00fablica del desv\u00edo de recursos en la instituci\u00f3n.<\/p>\n\n\n\n<p>El caso no ha sido esclarecido hasta el momento; tampoco se investig\u00f3 el probable enriquecimiento il\u00edcito, que incluy\u00f3 la compra de un avi\u00f3n, entre otros.<\/p>\n","protected":false},"excerpt":{"rendered":"<p>Redacci\u00f3n\/Zona Roja. Oaxaca de Ju\u00e1rez, Oax., a 25 de agosto de 2022.- Tras cinco a\u00f1os&hellip;<\/p>\n","protected":false},"author":2,"featured_media":13902,"comment_status":"closed","ping_status":"open","sticky":false,"template":"","format":"standard","meta":{"_lmt_disableupdate":"","_lmt_disable":"","_jetpack_memberships_contains_paid_content":false,"footnotes":""},"categories":[109,47],"tags":[1767],"class_list":["post-45064","post","type-post","status-publish","format-standard","has-post-thumbnail","hentry","category-minuto-a-minuto","category-zona-gris","tag-german-tenorio-vasconcelos"],"jetpack_featured_media_url":"https:\/\/zonaroja.com.mx\/wp-content\/uploads\/2020\/06\/Germ\u00e1n-Tenorio-Vasconcelos.jpg","jetpack_sharing_enabled":true,"_links":{"self":[{"href":"https:\/\/zonaroja.com.mx\/index.php?rest_route=\/wp\/v2\/posts\/45064","targetHints":{"allow":["GET"]}}],"collection":[{"href":"https:\/\/zonaroja.com.mx\/index.php?rest_route=\/wp\/v2\/posts"}],"about":[{"href":"https:\/\/zonaroja.com.mx\/index.php?rest_route=\/wp\/v2\/types\/post"}],"author":[{"embeddable":true,"href":"https:\/\/zonaroja.com.mx\/index.php?rest_route=\/wp\/v2\/users\/2"}],"replies":[{"embeddable":true,"href":"https:\/\/zonaroja.com.mx\/index.php?rest_route=%2Fwp%2Fv2%2Fcomments&post=45064"}],"version-history":[{"count":1,"href":"https:\/\/zonaroja.com.mx\/index.php?rest_route=\/wp\/v2\/posts\/45064\/revisions"}],"predecessor-version":[{"id":45065,"href":"https:\/\/zonaroja.com.mx\/index.php?rest_route=\/wp\/v2\/posts\/45064\/revisions\/45065"}],"wp:featuredmedia":[{"embeddable":true,"href":"https:\/\/zonaroja.com.mx\/index.php?rest_route=\/wp\/v2\/media\/13902"}],"wp:attachment":[{"href":"https:\/\/zonaroja.com.mx\/index.php?rest_route=%2Fwp%2Fv2%2Fmedia&parent=45064"}],"wp:term":[{"taxonomy":"category","embeddable":true,"href":"https:\/\/zonaroja.com.mx\/index.php?rest_route=%2Fwp%2Fv2%2Fcategories&post=45064"},{"taxonomy":"post_tag","embeddable":true,"href":"https:\/\/zonaroja.com.mx\/index.php?rest_route=%2Fwp%2Fv2%2Ftags&post=45064"}],"curies":[{"name":"wp","href":"https:\/\/api.w.org\/{rel}","templated":true}]}}