{"id":45066,"date":"2022-08-25T22:39:11","date_gmt":"2022-08-26T03:39:11","guid":{"rendered":"http:\/\/www.zonaroja.com.mx\/?p=45066"},"modified":"2022-08-25T22:39:12","modified_gmt":"2022-08-26T03:39:12","slug":"aumenta-violencia-en-salina-cruz-un-ejecutado-dos-ataques-armados","status":"publish","type":"post","link":"https:\/\/zonaroja.com.mx\/?p=45066","title":{"rendered":"Aumenta violencia en Salina Cruz; un ejecutado dos ataques armados"},"content":{"rendered":"\n<p>Redacci\u00f3n\/Zona Roja.<\/p>\n\n\n\n<p>Oaxaca de Ju\u00e1rez, Oax., a 25 de agosto de 2022.- En el contexto de la crisis municipal por la muerte de la joven Abigail H. U., y la ausencia de mando policiaco, este jueves fue ejecutada a balazos una persona en el municipio de Salina Cruz.<\/p>\n\n\n\n<p>El crimen se perpetr\u00f3 en la carretera a San Pedro Huilotepec, cerca de las instalaciones de Petr\u00f3leos Mexicanos (Pemex), en jurisdicci\u00f3n de la colonia C\u00e9sar Linton.<\/p>\n\n\n\n<p>La v\u00edctima a\u00fan no ha sido identificada y viajaba a bordo de una camioneta tipo Suburban cuando fue atacado a balazos.<\/p>\n\n\n\n<p>Apenas ayer en la tarde, en el municipio gobernado por Daniel M\u00e9ndez Sosa ocurrieron dos hechos violentos, uno de ellos en la carretera a Playa Brasil, donde fue atacado a balazos un taxista, identificado como \u00c1ngel Gabriel L. R.<\/p>\n\n\n\n<p>Otro fue en la calle Virgilio Uribe de la colonia Guadalupe, donde fue baleado un individuo, que fue trasladado al Hospital Naval Militar.<\/p>\n\n\n\n<p>D\u00edas atr\u00e1s, el comandante de la polic\u00eda municipal de Salina Cruz fue cesado del cargo y hasta el momento el puesto permanece ac\u00e9falo.<\/p>\n","protected":false},"excerpt":{"rendered":"<p>Redacci\u00f3n\/Zona Roja. Oaxaca de Ju\u00e1rez, Oax., a 25 de agosto de 2022.- En el contexto&hellip;<\/p>\n","protected":false},"author":2,"featured_media":38093,"comment_status":"closed","ping_status":"open","sticky":false,"template":"","format":"standard","meta":{"_lmt_disableupdate":"","_lmt_disable":"","_jetpack_memberships_contains_paid_content":false,"footnotes":""},"categories":[109,51],"tags":[168],"class_list":["post-45066","post","type-post","status-publish","format-standard","has-post-thumbnail","hentry","category-minuto-a-minuto","category-zona-roja","tag-salina-cruz"],"jetpack_featured_media_url":"https:\/\/zonaroja.com.mx\/wp-content\/uploads\/2022\/02\/Policia-escena-seguridad-violencia-crimen.jpg","jetpack_sharing_enabled":true,"_links":{"self":[{"href":"https:\/\/zonaroja.com.mx\/index.php?rest_route=\/wp\/v2\/posts\/45066","targetHints":{"allow":["GET"]}}],"collection":[{"href":"https:\/\/zonaroja.com.mx\/index.php?rest_route=\/wp\/v2\/posts"}],"about":[{"href":"https:\/\/zonaroja.com.mx\/index.php?rest_route=\/wp\/v2\/types\/post"}],"author":[{"embeddable":true,"href":"https:\/\/zonaroja.com.mx\/index.php?rest_route=\/wp\/v2\/users\/2"}],"replies":[{"embeddable":true,"href":"https:\/\/zonaroja.com.mx\/index.php?rest_route=%2Fwp%2Fv2%2Fcomments&post=45066"}],"version-history":[{"count":1,"href":"https:\/\/zonaroja.com.mx\/index.php?rest_route=\/wp\/v2\/posts\/45066\/revisions"}],"predecessor-version":[{"id":45067,"href":"https:\/\/zonaroja.com.mx\/index.php?rest_route=\/wp\/v2\/posts\/45066\/revisions\/45067"}],"wp:featuredmedia":[{"embeddable":true,"href":"https:\/\/zonaroja.com.mx\/index.php?rest_route=\/wp\/v2\/media\/38093"}],"wp:attachment":[{"href":"https:\/\/zonaroja.com.mx\/index.php?rest_route=%2Fwp%2Fv2%2Fmedia&parent=45066"}],"wp:term":[{"taxonomy":"category","embeddable":true,"href":"https:\/\/zonaroja.com.mx\/index.php?rest_route=%2Fwp%2Fv2%2Fcategories&post=45066"},{"taxonomy":"post_tag","embeddable":true,"href":"https:\/\/zonaroja.com.mx\/index.php?rest_route=%2Fwp%2Fv2%2Ftags&post=45066"}],"curies":[{"name":"wp","href":"https:\/\/api.w.org\/{rel}","templated":true}]}}