{"id":45076,"date":"2022-08-26T07:02:06","date_gmt":"2022-08-26T12:02:06","guid":{"rendered":"http:\/\/www.zonaroja.com.mx\/?p=45076"},"modified":"2022-08-26T08:15:55","modified_gmt":"2022-08-26T13:15:55","slug":"inicia-proceso-de-relevo-en-dirigencia-de-la-seccion-35-de-salud","status":"publish","type":"post","link":"https:\/\/zonaroja.com.mx\/?p=45076","title":{"rendered":"Inicia proceso de relevo en dirigencia de la Secci\u00f3n 35 de Salud"},"content":{"rendered":"\n<p>Redacci\u00f3n\/Zona Roja.<\/p>\n\n\n\n<p>Oaxaca de Ju\u00e1rez, Oax., a 26 de agosto de 2022.- Este jueves inici\u00f3 el proceso electoral para elegir al comit\u00e9 ejecutivo de la Secci\u00f3n 35 del Sindicato Nacional de Trabajadores de la Secretar\u00eda de Salud (SNTSSA).<\/p>\n\n\n\n<p>Fueron tres planillas las que se registraron para la contienda, que ser\u00e1 en una semana.&nbsp;<\/p>\n\n\n\n<p>La f\u00f3rmula \u201cGuinda\u201d la encabeza Omar Jes\u00fas L\u00f3pez S\u00e1nchez, quien con una concentraci\u00f3n masiva de trabajadores provenientes de diversas regiones del estado, se registr\u00f3 ayer.<\/p>\n\n\n\n<p>El hoy candidato recibi\u00f3 de la comisi\u00f3n electoral la constancia de registro que le permite contender en las elecciones a celebrarse en el mes de septiembre.<\/p>\n\n\n\n<p>Tras recibir su constancia de registro, el abanderado de la planilla \u201cGuinda\u201d, expuso ante los cientos de agremiados de las seis Jurisdicciones Sanitarias y Oficinas Centrales que de llegar a la dirigencia sindical trabajar\u00e1 por aquellos a quienes por a\u00f1os han luchado por obtener mejores condiciones laborales.<\/p>\n\n\n\n<p>Destac\u00f3 que su prioridad ser\u00e1n las y los trabajadores del sector salud de base a los que no se les ha hecho justicia.<\/p>\n\n\n\n<p>\u201cGracias a la lucha de estos compa\u00f1eros el resto de los trabajadores gozan de beneficios econ\u00f3micos, pero tambi\u00e9n buscar\u00e9 que esos beneficios se legalicen\u201d, ofreci\u00f3.<\/p>\n\n\n\n<p>El candidato de la planilla \u201cGuinda\u201d tambi\u00e9n dijo que otro sector por el cual trabajar\u00e1 incansablemente son los sindicalistas con mayor antig\u00fcedad.<\/p>\n\n\n\n<p>Plante\u00f3 la creaci\u00f3n de un programa con el gobierno de Oaxaca, para motivar en incentivar a los trabajadores pr\u00f3ximos a jubilarse, creando las condiciones necesarias para que se puedan retirar de manera digna.<\/p>\n\n\n\n<p>Respecto a los trabajadores de la salud regularizados y formalizados, precis\u00f3 que por su fuente de financiamiento hay una distinci\u00f3n en cuanto a su regularizaci\u00f3n y a su formalizaci\u00f3n, por lo que buscar\u00e1n que ellos tambi\u00e9n cumpliendo el t\u00e9rmino se puedan jubilar y generar espacios para que esos compa\u00f1eros suban a una base.<\/p>\n\n\n\n<p>L\u00f3pez S\u00e1nchez, adelant\u00f3 solicitar\u00e1 al gobierno federal se actualicen las claves de los centros de trabajo y aunque reconoci\u00f3 que en algunas unidades hay m\u00e1s personal, en la mayor\u00eda de ellas hacen falta m\u00e9dicos, enfermeras, camilleros y que desde que fueron creados esos hospitales est\u00e1n trabajando con la plantilla de arranque, lo que significa que no tienen una plantilla tipo, por lo que van a luchas para que lleguen m\u00e1s m\u00e9dicos y enfermeras que es lo que m\u00e1s hace falta.<\/p>\n\n\n\n<p>Finalmente, agradeci\u00f3 el respaldo de los cientos de trabajadores que lo acompa\u00f1aron a su registro y el apoyo a la planilla \u201cGuinda\u201d que lo llevar\u00e1 al triunfo.<\/p>\n","protected":false},"excerpt":{"rendered":"<p>Redacci\u00f3n\/Zona Roja. Oaxaca de Ju\u00e1rez, Oax., a 26 de agosto de 2022.- Este jueves inici\u00f3&hellip;<\/p>\n","protected":false},"author":2,"featured_media":45073,"comment_status":"closed","ping_status":"open","sticky":false,"template":"","format":"standard","meta":{"_lmt_disableupdate":"","_lmt_disable":"","_jetpack_memberships_contains_paid_content":false,"footnotes":""},"categories":[109,46],"tags":[1653],"class_list":["post-45076","post","type-post","status-publish","format-standard","has-post-thumbnail","hentry","category-minuto-a-minuto","category-zona-blanca","tag-seccion-35-sindicato-nacional-de-trabajadores-de-la-secretaria-de-salud"],"jetpack_featured_media_url":"https:\/\/zonaroja.com.mx\/wp-content\/uploads\/2022\/08\/Omar-de-Jesus-Lopez-Seccion-35.jpeg","jetpack_sharing_enabled":true,"_links":{"self":[{"href":"https:\/\/zonaroja.com.mx\/index.php?rest_route=\/wp\/v2\/posts\/45076","targetHints":{"allow":["GET"]}}],"collection":[{"href":"https:\/\/zonaroja.com.mx\/index.php?rest_route=\/wp\/v2\/posts"}],"about":[{"href":"https:\/\/zonaroja.com.mx\/index.php?rest_route=\/wp\/v2\/types\/post"}],"author":[{"embeddable":true,"href":"https:\/\/zonaroja.com.mx\/index.php?rest_route=\/wp\/v2\/users\/2"}],"replies":[{"embeddable":true,"href":"https:\/\/zonaroja.com.mx\/index.php?rest_route=%2Fwp%2Fv2%2Fcomments&post=45076"}],"version-history":[{"count":1,"href":"https:\/\/zonaroja.com.mx\/index.php?rest_route=\/wp\/v2\/posts\/45076\/revisions"}],"predecessor-version":[{"id":45077,"href":"https:\/\/zonaroja.com.mx\/index.php?rest_route=\/wp\/v2\/posts\/45076\/revisions\/45077"}],"wp:featuredmedia":[{"embeddable":true,"href":"https:\/\/zonaroja.com.mx\/index.php?rest_route=\/wp\/v2\/media\/45073"}],"wp:attachment":[{"href":"https:\/\/zonaroja.com.mx\/index.php?rest_route=%2Fwp%2Fv2%2Fmedia&parent=45076"}],"wp:term":[{"taxonomy":"category","embeddable":true,"href":"https:\/\/zonaroja.com.mx\/index.php?rest_route=%2Fwp%2Fv2%2Fcategories&post=45076"},{"taxonomy":"post_tag","embeddable":true,"href":"https:\/\/zonaroja.com.mx\/index.php?rest_route=%2Fwp%2Fv2%2Ftags&post=45076"}],"curies":[{"name":"wp","href":"https:\/\/api.w.org\/{rel}","templated":true}]}}