{"id":45082,"date":"2022-08-26T09:45:00","date_gmt":"2022-08-26T14:45:00","guid":{"rendered":"http:\/\/www.zonaroja.com.mx\/?p=45082"},"modified":"2022-08-26T07:49:19","modified_gmt":"2022-08-26T12:49:19","slug":"exhiben-en-congreso-de-oaxaca-omisiones-de-edil-martinez-neri","status":"publish","type":"post","link":"https:\/\/zonaroja.com.mx\/?p=45082","title":{"rendered":"Exhiben en Congreso de Oaxaca omisiones de edil Mart\u00ednez Neri"},"content":{"rendered":"\n<p>Yuridiana&nbsp;Sosa\/Zona Roja.<\/p>\n\n\n\n<p>Oaxaca de Ju\u00e1rez, Oax., a 26 de agosto de 2022.- Las evidentes irregularidades para la conservaci\u00f3n en buen estado del parque Ju\u00e1rez \u201cEl Llano\u201d, en la capital oaxaque\u00f1a, por parte del gobierno municipal de Francisco Mart\u00ednez Neri, fueron motivo de la aprobaci\u00f3n de un dictamen por la 64 Legislatura de Oaxaca, para que atiende ese espacio.<\/p>\n\n\n\n<p>La diputada de Morena, Hayde\u00e9 Reyes Soto, evidenci\u00f3 que el presidente municipal de Oaxaca de Ju\u00e1rez ha hecho caso omiso a anteriores exhortos y denuncias p\u00fablicas realizadas por la misma ciudadan\u00eda para el cuidado del espacio y el ambiente en ese parque.<\/p>\n\n\n\n<p>Pues este lugar presenta un evidente crecimiento del comercio en v\u00eda p\u00fablica, sin control, y el deterioro de su infraestructura, situaciones que la misma diputada constat\u00f3 en d\u00edas pasados para supervisar si se hab\u00eda acatado un primer exhorto, pero no percibi\u00f3 ning\u00fan cambio positivo.<\/p>\n\n\n\n<p>\u201cEl Llano\u201d, dijo, es de los pocos parques con los que cuenta la poblaci\u00f3n, capitalina, de zona metropolitana y visitantes, para realizar diversas actividades de esparcimiento, desde actividades recreativas, deportes y de convivencia familiar.<\/p>\n\n\n\n<p>Motivo por el que la 64 Legislatura exhort\u00f3 al edil Mart\u00ednez Neri, de Morena, a que implemente acciones urgentes de inspecci\u00f3n, conservaci\u00f3n, mantenimiento, vigilancia permanente de seguridad y protecci\u00f3n civil.<\/p>\n\n\n\n<p>As\u00ed como implementar el reordenamiento del comercio ambulante para evitar la instalaci\u00f3n de puestos no autorizados, con el fin de garantizar un ambiente sano para las familias.<\/p>\n\n\n\n<p>En este espacio, ciudadanos han denunciado la presencia de grupos de j\u00f3venes consumiendo marihuana mientras permanecen cerca ni\u00f1os, lo cual tienen prohibido ejercer, sin embargo, no se han aplicado ni respetado las disposiciones para que los consumidores ejerzan su acci\u00f3n debidamente.<\/p>\n\n\n\n<figure class=\"wp-block-embed is-type-rich is-provider-twitter wp-block-embed-twitter\"><div class=\"wp-block-embed__wrapper\">\n<div class=\"twitter-tweet\"><blockquote class=\"twitter-tweet\" data-lang=\"es\"><p lang=\"es\" dir=\"ltr\">En la sesi\u00f3n de ayer, el <a href=\"https:\/\/twitter.com\/CongresoOaxaca_?ref_src=twsrc%5Etfw\">@CongresoOaxaca_<\/a> aprob\u00f3 un exhorto contra el edil del <a href=\"https:\/\/twitter.com\/MunicipioOaxaca?ref_src=twsrc%5Etfw\">@MunicipioOaxaca<\/a>, <a href=\"https:\/\/twitter.com\/FMartinezNeri?ref_src=twsrc%5Etfw\">@FMartinezNeri<\/a> por diversas irregularidades en el parque \u201cEl Llano\u201d. <br>La diputada morenista Hayde\u00e9 Reyes critic\u00f3 la desatenci\u00f3n del mun\u00edcipe, pese a denuncias p\u00fablicas. <a href=\"https:\/\/t.co\/BJAK2o4TVX\">pic.twitter.com\/BJAK2o4TVX<\/a><\/p>&mdash; Zona Roja Oaxaca (@ZonaRoja_Oaxaca) <a href=\"https:\/\/twitter.com\/ZonaRoja_Oaxaca\/status\/1562885197754175488?ref_src=twsrc%5Etfw\">25 de agosto de 2022<\/a><\/blockquote><\/div>\n<\/div><\/figure>\n","protected":false},"excerpt":{"rendered":"<p>Yuridiana&nbsp;Sosa\/Zona Roja. Oaxaca de Ju\u00e1rez, Oax., a 26 de agosto de 2022.- Las evidentes irregularidades&hellip;<\/p>\n","protected":false},"author":2,"featured_media":45072,"comment_status":"closed","ping_status":"open","sticky":false,"template":"","format":"standard","meta":{"_lmt_disableupdate":"","_lmt_disable":"","_jetpack_memberships_contains_paid_content":false,"footnotes":""},"categories":[109,47],"tags":[2418],"class_list":["post-45082","post","type-post","status-publish","format-standard","has-post-thumbnail","hentry","category-minuto-a-minuto","category-zona-gris","tag-francisco-martinez-neri"],"jetpack_featured_media_url":"https:\/\/zonaroja.com.mx\/wp-content\/uploads\/2022\/08\/Francisco-Martinez-Neri.jpg","jetpack_sharing_enabled":true,"_links":{"self":[{"href":"https:\/\/zonaroja.com.mx\/index.php?rest_route=\/wp\/v2\/posts\/45082","targetHints":{"allow":["GET"]}}],"collection":[{"href":"https:\/\/zonaroja.com.mx\/index.php?rest_route=\/wp\/v2\/posts"}],"about":[{"href":"https:\/\/zonaroja.com.mx\/index.php?rest_route=\/wp\/v2\/types\/post"}],"author":[{"embeddable":true,"href":"https:\/\/zonaroja.com.mx\/index.php?rest_route=\/wp\/v2\/users\/2"}],"replies":[{"embeddable":true,"href":"https:\/\/zonaroja.com.mx\/index.php?rest_route=%2Fwp%2Fv2%2Fcomments&post=45082"}],"version-history":[{"count":1,"href":"https:\/\/zonaroja.com.mx\/index.php?rest_route=\/wp\/v2\/posts\/45082\/revisions"}],"predecessor-version":[{"id":45083,"href":"https:\/\/zonaroja.com.mx\/index.php?rest_route=\/wp\/v2\/posts\/45082\/revisions\/45083"}],"wp:featuredmedia":[{"embeddable":true,"href":"https:\/\/zonaroja.com.mx\/index.php?rest_route=\/wp\/v2\/media\/45072"}],"wp:attachment":[{"href":"https:\/\/zonaroja.com.mx\/index.php?rest_route=%2Fwp%2Fv2%2Fmedia&parent=45082"}],"wp:term":[{"taxonomy":"category","embeddable":true,"href":"https:\/\/zonaroja.com.mx\/index.php?rest_route=%2Fwp%2Fv2%2Fcategories&post=45082"},{"taxonomy":"post_tag","embeddable":true,"href":"https:\/\/zonaroja.com.mx\/index.php?rest_route=%2Fwp%2Fv2%2Ftags&post=45082"}],"curies":[{"name":"wp","href":"https:\/\/api.w.org\/{rel}","templated":true}]}}