{"id":45084,"date":"2022-08-26T09:49:00","date_gmt":"2022-08-26T14:49:00","guid":{"rendered":"http:\/\/www.zonaroja.com.mx\/?p=45084"},"modified":"2022-08-26T07:53:34","modified_gmt":"2022-08-26T12:53:34","slug":"participa-el-ieepco-en-reunion-de-instituciones-electorales-del-pais","status":"publish","type":"post","link":"https:\/\/zonaroja.com.mx\/?p=45084","title":{"rendered":"Participa el IEEPCO en reuni\u00f3n de instituciones electorales del pa\u00eds"},"content":{"rendered":"\n<p>Redacci\u00f3n\/Zona Roja.<\/p>\n\n\n\n<p>Oaxaca de Ju\u00e1rez, Oax., a 26 de agosto de 2022.- La consejera presidenta del Instituto Estatal Electoral y de Participaci\u00f3n Ciudadana de Oaxaca (IEEPCO), Elizabeth S\u00e1nchez Gonz\u00e1lez, particip\u00f3 en la Segunda Sesi\u00f3n Ordinaria de la Asociaci\u00f3n de Instituciones Electorales de las Entidades Federativas (AIEEF), que se llev\u00f3 a cabo en la Ciudad de M\u00e9xico. &nbsp;<\/p>\n\n\n\n<p>Durante dicha reuni\u00f3n, S\u00e1nchez Gonz\u00e1lez se reuni\u00f3 con las personas titulares de los Organismos P\u00fablicos Locales Electorales (OPLES) del pa\u00eds con quienes comparti\u00f3 experiencias al frente del \u00f3rgano electoral oaxaque\u00f1o, mismas que permiten una retroalimentaci\u00f3n del quehacer p\u00fablico en materia electoral.&nbsp;<\/p>\n\n\n\n<p>Adem\u00e1s de conversar sobre la importancia que, en la actualidad, tienen los OPLES y dem\u00e1s instituciones electorales en la vida democr\u00e1tica del pa\u00eds.&nbsp;<\/p>\n\n\n\n<p>As\u00ed mismo, la presidenta del IEEPCO destac\u00f3 la solidaridad y la escucha permanente por parte de las consejeras electorales del Instituto Nacional Electoral (INE), Norma Irene de la Cruz Maga\u00f1a, Dania Paola Ravel Cuevas y Beatriz Claudia Zavala P\u00e9rez, quienes tambi\u00e9n se dieron cita. &nbsp;<\/p>\n\n\n\n<p>Adem\u00e1s, reconoci\u00f3 que cada vez haya m\u00e1s mujeres al frente de los institutos locales, situaci\u00f3n que no se ve\u00eda antes ya que la mayor parte de presidencias e incluso consejer\u00edas de los OPLES estaban encabezadas por varones.&nbsp; &nbsp;<\/p>\n\n\n\n<p>\u201cHemos avanzado gracias al acompa\u00f1amiento y lucha de otras mujeres y en especial de las consejeras electorales del INE Norma Irene de la Cruz Maga\u00f1a, Dania Paola Ravel Cuevas y Beatriz Claudia Zavala P\u00e9rez siempre soridarias, siempre escuch\u00e1ndonos\u201d, se\u00f1al\u00f3. &nbsp;<\/p>\n\n\n\n<p>S\u00e1nchez Gonz\u00e1lez tambi\u00e9n atestigu\u00f3 la toma de protesta de Clara Beatriz Jim\u00e9nez Gonz\u00e1lez, Rodrigo Germ\u00e1n Paredes Lozano, Mar\u00eda Jos\u00e9 Torres Hern\u00e1ndez, Blanca Yasaahara Cruz Garc\u00eda, Rub\u00ed Pacheco P\u00e9rez y Arturo Fajardo Mej\u00eda como integrantes de la AIEEF, tras su reciente designaci\u00f3n al frente de las presidencias de los OPLES de Aguascalientes, Nayarit, Puebla, Quintana Roo, Sinaloa y Coahuila.&nbsp;<\/p>\n\n\n\n<p>Fue el consejero presidente del INE, Lorenzo C\u00f3rdova Vianello, quien encabez\u00f3 dicho acto protocolario en donde refrend\u00f3 el respaldo y confianza institucional a quienes se integran al quehacer electoral, a la par que aclar\u00f3 que en el proceso de selecci\u00f3n se atendieron los principios de objetividad, imparcialidad y no discriminaci\u00f3n; as\u00ed como los criterios de equidad de g\u00e9nero, una composici\u00f3n multidisciplinaria y multicultural.\u00a0<\/p>\n\n\n\n<figure class=\"wp-block-embed is-type-rich is-provider-twitter wp-block-embed-twitter\"><div class=\"wp-block-embed__wrapper\">\n<div class=\"twitter-tweet\"><blockquote class=\"twitter-tweet\" data-lang=\"es\"><p lang=\"es\" dir=\"ltr\">La presidenta del <a href=\"https:\/\/twitter.com\/hashtag\/IEEPCO?src=hash&amp;ref_src=twsrc%5Etfw\">#IEEPCO<\/a>, Elizabeth S\u00e1nchez (<a href=\"https:\/\/twitter.com\/Bidxa_a?ref_src=twsrc%5Etfw\">@Bidxa_a<\/a>) particip\u00f3 en la 2da. Sesi\u00f3n Ordinaria 2022 de la <a href=\"https:\/\/twitter.com\/AIEEFMX?ref_src=twsrc%5Etfw\">@AIEEFMX<\/a> y en la reuni\u00f3n de trabajo con el pdte. <a href=\"https:\/\/twitter.com\/lorenzocordovav?ref_src=twsrc%5Etfw\">@lorenzocordovav<\/a>; secretario ejecutivo, Edmundo Jacobo y las consejeras del <a href=\"https:\/\/twitter.com\/INEMexico?ref_src=twsrc%5Etfw\">@INEMexico<\/a>, <a href=\"https:\/\/twitter.com\/NormaIreneD?ref_src=twsrc%5Etfw\">@NormaIreneD<\/a>, <a href=\"https:\/\/twitter.com\/DaniaRavel?ref_src=twsrc%5Etfw\">@DaniaRavel<\/a> y <a href=\"https:\/\/twitter.com\/CZavalaP?ref_src=twsrc%5Etfw\">@CZavalaP<\/a>. <a href=\"https:\/\/t.co\/IysJIjMgrq\">pic.twitter.com\/IysJIjMgrq<\/a><\/p>&mdash; IEEPCO (@IEEPCO) <a href=\"https:\/\/twitter.com\/IEEPCO\/status\/1562820023647113217?ref_src=twsrc%5Etfw\">25 de agosto de 2022<\/a><\/blockquote><\/div>\n<\/div><\/figure>\n","protected":false},"excerpt":{"rendered":"<p>Redacci\u00f3n\/Zona Roja. Oaxaca de Ju\u00e1rez, Oax., a 26 de agosto de 2022.- La consejera presidenta&hellip;<\/p>\n","protected":false},"author":2,"featured_media":45085,"comment_status":"closed","ping_status":"open","sticky":false,"template":"","format":"standard","meta":{"_lmt_disableupdate":"","_lmt_disable":"","_jetpack_memberships_contains_paid_content":false,"footnotes":""},"categories":[109,46],"tags":[2932],"class_list":["post-45084","post","type-post","status-publish","format-standard","has-post-thumbnail","hentry","category-minuto-a-minuto","category-zona-blanca","tag-instituto-estatal-electoral-y-de-participacion-ciudadana-de-oaxaca-ieepco"],"jetpack_featured_media_url":"https:\/\/zonaroja.com.mx\/wp-content\/uploads\/2022\/08\/Reunion-IEEPCO-instituciones-electorales.jpeg","jetpack_sharing_enabled":true,"_links":{"self":[{"href":"https:\/\/zonaroja.com.mx\/index.php?rest_route=\/wp\/v2\/posts\/45084","targetHints":{"allow":["GET"]}}],"collection":[{"href":"https:\/\/zonaroja.com.mx\/index.php?rest_route=\/wp\/v2\/posts"}],"about":[{"href":"https:\/\/zonaroja.com.mx\/index.php?rest_route=\/wp\/v2\/types\/post"}],"author":[{"embeddable":true,"href":"https:\/\/zonaroja.com.mx\/index.php?rest_route=\/wp\/v2\/users\/2"}],"replies":[{"embeddable":true,"href":"https:\/\/zonaroja.com.mx\/index.php?rest_route=%2Fwp%2Fv2%2Fcomments&post=45084"}],"version-history":[{"count":1,"href":"https:\/\/zonaroja.com.mx\/index.php?rest_route=\/wp\/v2\/posts\/45084\/revisions"}],"predecessor-version":[{"id":45086,"href":"https:\/\/zonaroja.com.mx\/index.php?rest_route=\/wp\/v2\/posts\/45084\/revisions\/45086"}],"wp:featuredmedia":[{"embeddable":true,"href":"https:\/\/zonaroja.com.mx\/index.php?rest_route=\/wp\/v2\/media\/45085"}],"wp:attachment":[{"href":"https:\/\/zonaroja.com.mx\/index.php?rest_route=%2Fwp%2Fv2%2Fmedia&parent=45084"}],"wp:term":[{"taxonomy":"category","embeddable":true,"href":"https:\/\/zonaroja.com.mx\/index.php?rest_route=%2Fwp%2Fv2%2Fcategories&post=45084"},{"taxonomy":"post_tag","embeddable":true,"href":"https:\/\/zonaroja.com.mx\/index.php?rest_route=%2Fwp%2Fv2%2Ftags&post=45084"}],"curies":[{"name":"wp","href":"https:\/\/api.w.org\/{rel}","templated":true}]}}