{"id":45087,"date":"2022-08-26T08:55:00","date_gmt":"2022-08-26T13:55:00","guid":{"rendered":"http:\/\/www.zonaroja.com.mx\/?p=45087"},"modified":"2022-08-26T07:57:53","modified_gmt":"2022-08-26T12:57:53","slug":"tras-cateo-en-jamiltepec-fiscalia-asegura-droga-y-detiene-a-una-persona","status":"publish","type":"post","link":"https:\/\/zonaroja.com.mx\/?p=45087","title":{"rendered":"Tras cateo en Jamiltepec, Fiscal\u00eda asegura droga y detiene a una persona"},"content":{"rendered":"\n<p>Redacci\u00f3n\/Zona Roja.<\/p>\n\n\n\n<p>Oaxaca de Ju\u00e1rez, Oax., a 26 de agosto de 2022.- La Fiscal\u00eda General del Estado de Oaxaca (FGEO) -a trav\u00e9s de la Vicefiscal\u00eda Regional de la Costa- coordin\u00f3 y ejecut\u00f3 un cateo en jurisdicci\u00f3n de Santiago Jamiltepec, en la regi\u00f3n de la Costa, logrando asegurar diversas dosis de droga, adem\u00e1s de la detenci\u00f3n de una persona del sexo femenino.<\/p>\n\n\n\n<p>La acci\u00f3n se llev\u00f3 a cabo la ma\u00f1ana de este 25 de agosto de 2022, en un domicilio particular ubicado en la localidad de Patria Nueva, perteneciente a Santiago Jamiltepec, dando cumplimiento a la orden de cateo asentada en la causa penal 049\/2022, derivado de la carpeta de investigaci\u00f3n 29221\/FCOS\/JAMILTEPEC\/2022, librada por el Juez en turno por el delito contra la salud en su modalidad de narcomenudeo.<\/p>\n\n\n\n<p>Elementos de la Agencia Estatal de Investigaciones aseguraron m\u00e1s de medio centenar de bolsas que conten\u00edan sustancia granulada con caracter\u00edsticas de cristal y un tel\u00e9fono celular.<\/p>\n\n\n\n<p>Adem\u00e1s, se logr\u00f3 la detenci\u00f3n de la mujer identificada como M. A. L. S., quien ser\u00e1 puesta a disposici\u00f3n de la autoridad ministerial correspondiente junto con la droga incautada.<\/p>\n\n\n\n<p>Con estas acciones, la Fiscal\u00eda de Oaxaca combate los delitos contra la salud, los cuales flagelan el tejido social de la Costa.<\/p>\n","protected":false},"excerpt":{"rendered":"<p>Redacci\u00f3n\/Zona Roja. Oaxaca de Ju\u00e1rez, Oax., a 26 de agosto de 2022.- La Fiscal\u00eda General&hellip;<\/p>\n","protected":false},"author":2,"featured_media":45088,"comment_status":"closed","ping_status":"open","sticky":false,"template":"","format":"standard","meta":{"_lmt_disableupdate":"","_lmt_disable":"","_jetpack_memberships_contains_paid_content":false,"footnotes":""},"categories":[109,46],"tags":[494],"class_list":["post-45087","post","type-post","status-publish","format-standard","has-post-thumbnail","hentry","category-minuto-a-minuto","category-zona-blanca","tag-fiscalia-general-del-estado-de-oaxaca"],"jetpack_featured_media_url":"https:\/\/zonaroja.com.mx\/wp-content\/uploads\/2022\/08\/Operativo-Fiscalia-Jamiltepec-Oaxaca.jpeg","jetpack_sharing_enabled":true,"_links":{"self":[{"href":"https:\/\/zonaroja.com.mx\/index.php?rest_route=\/wp\/v2\/posts\/45087","targetHints":{"allow":["GET"]}}],"collection":[{"href":"https:\/\/zonaroja.com.mx\/index.php?rest_route=\/wp\/v2\/posts"}],"about":[{"href":"https:\/\/zonaroja.com.mx\/index.php?rest_route=\/wp\/v2\/types\/post"}],"author":[{"embeddable":true,"href":"https:\/\/zonaroja.com.mx\/index.php?rest_route=\/wp\/v2\/users\/2"}],"replies":[{"embeddable":true,"href":"https:\/\/zonaroja.com.mx\/index.php?rest_route=%2Fwp%2Fv2%2Fcomments&post=45087"}],"version-history":[{"count":1,"href":"https:\/\/zonaroja.com.mx\/index.php?rest_route=\/wp\/v2\/posts\/45087\/revisions"}],"predecessor-version":[{"id":45089,"href":"https:\/\/zonaroja.com.mx\/index.php?rest_route=\/wp\/v2\/posts\/45087\/revisions\/45089"}],"wp:featuredmedia":[{"embeddable":true,"href":"https:\/\/zonaroja.com.mx\/index.php?rest_route=\/wp\/v2\/media\/45088"}],"wp:attachment":[{"href":"https:\/\/zonaroja.com.mx\/index.php?rest_route=%2Fwp%2Fv2%2Fmedia&parent=45087"}],"wp:term":[{"taxonomy":"category","embeddable":true,"href":"https:\/\/zonaroja.com.mx\/index.php?rest_route=%2Fwp%2Fv2%2Fcategories&post=45087"},{"taxonomy":"post_tag","embeddable":true,"href":"https:\/\/zonaroja.com.mx\/index.php?rest_route=%2Fwp%2Fv2%2Ftags&post=45087"}],"curies":[{"name":"wp","href":"https:\/\/api.w.org\/{rel}","templated":true}]}}