{"id":45099,"date":"2022-08-26T19:28:11","date_gmt":"2022-08-27T00:28:11","guid":{"rendered":"http:\/\/www.zonaroja.com.mx\/?p=45099"},"modified":"2022-08-26T19:28:12","modified_gmt":"2022-08-27T00:28:12","slug":"abigail-sufria-violencia-no-se-olvidara-no-eres-victima-senalan-a-ex-pareja","status":"publish","type":"post","link":"https:\/\/zonaroja.com.mx\/?p=45099","title":{"rendered":"Abigail sufr\u00eda violencia; \u201cNo se olvidar\u00e1, no eres v\u00edctima\u201d, se\u00f1alan a ex pareja"},"content":{"rendered":"\n<p>Yuridiana Sosa\/Zona Roja.<\/p>\n\n\n\n<p>Oaxaca de Ju\u00e1rez, Oax., a 26 de agosto de 2022.- Abigail H. U., v\u00edctima de un probable feminicidio en los separos de Salina Cruz, vivi\u00f3 violencia de parte de quien era su esposo, y pese a las denuncias y antecedentes ninguna autoridad la protegi\u00f3.<\/p>\n\n\n\n<p>Colectivos de feministas a nivel nacional, as\u00ed como ciudadanos y familiares de Abigail, expresaron su indignaci\u00f3n y enojo contra el esposo de Abigail, Kleiver Nazario Espinoza Hern\u00e1ndez, quien no evit\u00f3 que la polic\u00eda municipal la detuviera, preocup\u00e1ndose m\u00e1s de no ser detenido, como hab\u00eda ocurrido en otras ocasiones.<\/p>\n\n\n\n<p>El Frente Feminista Radical GDL concientiz\u00f3 sobre hecho, luego que el esposo declar\u00f3 desconocer lo que ocurri\u00f3, pese a estar en el momento de la detenci\u00f3n y escuchar que la golpearon en los separos, pero en vez de cuidarla, se fue del lugar.<\/p>\n\n\n\n<p>\u201cNo s\u00e9 nos olvidar\u00e1, no eres v\u00edctima. No se olvidar\u00e1 que pudiste hacer algo m\u00e1s y a\u00fan as\u00ed te importo poco, \u00bfPor qu\u00e9? No sabemos\u2026 As\u00ed es, ten\u00edas en tus manos el poder de hacer algo si sab\u00edas que no estaban cometiendo un delito y aun as\u00ed no lo hiciste, evitar que la subieran, hablarle a alguien que los apoyar\u00e1, decirles a los elementos que la calmar\u00edas t\u00fa, que la llevar\u00e1n con sus padres, simplemente no dejarla sola\u201d, dice el texto, que cientos de personas retomaron.<\/p>\n\n\n\n<p>\u201cEl d\u00eda en el que sus hijos te cuestionen c\u00f3mo falleci\u00f3 su madre y les tenga que explicar a detalle lo que sucedi\u00f3 y que no pudiste hacer nada al respecto\u201d, finaliza la publicaci\u00f3n.<\/p>\n\n\n\n<p>El texto fue retomado por un familiar de Abigail identificada como Tania Urrutia, al que agreg\u00f3 informaci\u00f3n de los antecedentes de violencia que vivi\u00f3 la joven mujer por parte de Kleiver Espinoza.<\/p>\n\n\n\n<p>\u201cTampoco se nos olvidar\u00e1n las dos carpetas de investigaci\u00f3n en tu contra (por violencia familiar de la cual Abigail Hay Urrutia era v\u00edctima). Tampoco se nos olvidar\u00e1 que fuiste t\u00fa quien la subi\u00f3 a la patrulla y la entreg\u00f3 a la polic\u00eda municipal.<\/p>\n\n\n\n<p>\u201cTampoco se nos olvidar\u00e1 el chantaje y manipulaci\u00f3n que ejerciste hacia ella con documentos falsos que involucraba la custodia de uno de sus hijos. Tampoco se nos olvidar\u00e1 que tuviste una orden de restricci\u00f3n porque fuiste, eres y ser\u00e1s siempre un peligro para cualquier mujer o infancia.<\/p>\n\n\n\n<p>\u201cTampoco se nos olvidar\u00e1 que fuiste t\u00fa quien la llev\u00f3 al extremo de tomar cualquier decisi\u00f3n desesperada. Justicia para Abigail\u201d, detall\u00f3 el texto.<\/p>\n\n\n\n<p>El colectivo Mariposas Feministas tambi\u00e9n sentenci\u00f3 el actuar de esposo por el hecho que la llev\u00f3 a su muerte y por la violencia f\u00edsica y psicol\u00f3gica que ejerc\u00eda contra ella.<\/p>\n\n\n\n<p>La hermana de Abigail, Magi Urritia, confirm\u00f3 la lamentable situaci\u00f3n que viv\u00eda su hermana, de la que incluso la Polic\u00eda Municipal conoc\u00eda porque en otras ocasiones se hab\u00edan \u201cllevado\u201d a Kleiver ante el llamado de la joven.<\/p>\n\n\n\n<p>En reciente entrevista con medios nacionales, dijo que desde enero denunci\u00f3 la violencia y exist\u00eda una orden de restricci\u00f3n para su ex pareja, quien en varias ocasiones la violent\u00f3, incluso frente a otras personas que son testigo, como vecinos y en la escuela de su hijo.<\/p>\n\n\n\n<p>Sobre la investigaci\u00f3n, apunt\u00f3 que conf\u00edan en los expertos forenses que llegaron de Campeche para reforzar las indagatorias, pues existe una supuesta nota que escribi\u00f3 Abigail antes de su muerte, pero la letra no coincide con la de ella.&nbsp;<\/p>\n\n\n\n<p>En conjunto, colectivos y ciudadan\u00eda demandan que las investigaciones tambi\u00e9n se dirijan a&nbsp;Espinoza Hern\u00e1ndez.<\/p>\n","protected":false},"excerpt":{"rendered":"<p>Yuridiana Sosa\/Zona Roja. Oaxaca de Ju\u00e1rez, Oax., a 26 de agosto de 2022.- Abigail H.&hellip;<\/p>\n","protected":false},"author":2,"featured_media":45100,"comment_status":"closed","ping_status":"open","sticky":false,"template":"","format":"standard","meta":{"_lmt_disableupdate":"","_lmt_disable":"","_jetpack_memberships_contains_paid_content":false,"footnotes":""},"categories":[109,47],"tags":[3234],"class_list":["post-45099","post","type-post","status-publish","format-standard","has-post-thumbnail","hentry","category-minuto-a-minuto","category-zona-gris","tag-abigail-hay-urrutia"],"jetpack_featured_media_url":"https:\/\/zonaroja.com.mx\/wp-content\/uploads\/2022\/08\/Kleiver-Nazario-Espinoza-caso-Abigail.jpg","jetpack_sharing_enabled":true,"_links":{"self":[{"href":"https:\/\/zonaroja.com.mx\/index.php?rest_route=\/wp\/v2\/posts\/45099","targetHints":{"allow":["GET"]}}],"collection":[{"href":"https:\/\/zonaroja.com.mx\/index.php?rest_route=\/wp\/v2\/posts"}],"about":[{"href":"https:\/\/zonaroja.com.mx\/index.php?rest_route=\/wp\/v2\/types\/post"}],"author":[{"embeddable":true,"href":"https:\/\/zonaroja.com.mx\/index.php?rest_route=\/wp\/v2\/users\/2"}],"replies":[{"embeddable":true,"href":"https:\/\/zonaroja.com.mx\/index.php?rest_route=%2Fwp%2Fv2%2Fcomments&post=45099"}],"version-history":[{"count":1,"href":"https:\/\/zonaroja.com.mx\/index.php?rest_route=\/wp\/v2\/posts\/45099\/revisions"}],"predecessor-version":[{"id":45101,"href":"https:\/\/zonaroja.com.mx\/index.php?rest_route=\/wp\/v2\/posts\/45099\/revisions\/45101"}],"wp:featuredmedia":[{"embeddable":true,"href":"https:\/\/zonaroja.com.mx\/index.php?rest_route=\/wp\/v2\/media\/45100"}],"wp:attachment":[{"href":"https:\/\/zonaroja.com.mx\/index.php?rest_route=%2Fwp%2Fv2%2Fmedia&parent=45099"}],"wp:term":[{"taxonomy":"category","embeddable":true,"href":"https:\/\/zonaroja.com.mx\/index.php?rest_route=%2Fwp%2Fv2%2Fcategories&post=45099"},{"taxonomy":"post_tag","embeddable":true,"href":"https:\/\/zonaroja.com.mx\/index.php?rest_route=%2Fwp%2Fv2%2Ftags&post=45099"}],"curies":[{"name":"wp","href":"https:\/\/api.w.org\/{rel}","templated":true}]}}